{"id":8197,"date":"2022-03-27T14:39:11","date_gmt":"2022-03-27T20:39:11","guid":{"rendered":"https:\/\/www.oaxaca.gob.mx\/ageo\/?p=8197"},"modified":"2022-08-31T14:52:20","modified_gmt":"2022-08-31T19:52:20","slug":"la-pandemia-retos-y-oportunidades-para-los-archivos-primera-de-dos-partes","status":"publish","type":"post","link":"https:\/\/www.oaxaca.gob.mx\/ageo\/la-pandemia-retos-y-oportunidades-para-los-archivos-primera-de-dos-partes\/","title":{"rendered":"<b><strong>LA PANDEMIA: RETOS Y OPORTUNIDADES PARA LOS ARCHIVOS (Primera de dos partes)<\/strong><\/b>"},"content":{"rendered":"<p style=\"text-align: right\">Por <b><strong>Luz Stella Camargo<\/strong><\/b>.<\/p>\n<p>A finales de 2019 apareci\u00f3 el coronavirus. Se propag\u00f3 r\u00e1pidamente hasta convertirse en una epidemia conocida como COVID \u2013 19, la cual se extendi\u00f3 por todo el mundo, habiendo sido declarada una pandemia global por la Organizaci\u00f3n Mundial de la Salud. El 20 de marzo de 2020, por instrucciones de la Secretar\u00eda de Administraci\u00f3n, el Archivo General del Estado de Oaxaca debi\u00f3 cerrar sus puertas de manera temporal y entrar en cuarentena, sin por ello dejar de realizar sus tareas esenciales y llevar a cabo trabajo a distancia, desde el confinamiento de sus trabajadores en casa. Para el regreso paulatino se establecieron y aplicaron protocolos y se acord\u00f3 hacer guardias de trabajo. Posteriormente se adopt\u00f3 un esquema 14 x 14, es decir, la mitad del personal del archivo asiste dos semanas y la otra mitad otras dos, con el objetivo de mitigar y disminuir los riesgos de contagios. Los departamentos de Conservaci\u00f3n y Restauraci\u00f3n, as\u00ed como el de Reprograf\u00eda, entre otras unidades, continuaron trabajando de manera h\u00edbrida, seg\u00fan las prioridades y las necesidades, sin dejar de atender la demanda de servicios. Preservar la salud de los colaboradores en estos dos a\u00f1os, sin descuidar las tareas permanentes y sustantivas del Archivo General ha sido un reto formidable, que tambi\u00e9n ha brindado nuevas oportunidades, a pesar de los innegables obst\u00e1culos.<\/p>\n<div style=\"text-align: center\"><span class=\"su-lightbox text_align: center\" data-mfp-src=\"https:\/\/www.oaxaca.gob.mx\/ageo\/wp-content\/uploads\/sites\/62\/2022\/08\/pub-220327-01.jpg\" data-mfp-type=\"image\" data-mobile=\"yes\"><img decoding=\"async\" src=\"https:\/\/www.oaxaca.gob.mx\/ageo\/wp-content\/uploads\/sites\/62\/2022\/08\/pub-220327-01.jpg\" alt=\"\" width=\"80%\" \/><\/span>\n<p style=\"text-align: center;font-size: 12px;margin-bottom: 2em\"><em>Luces y sombras en el edificio del AGEO.<\/em><\/p>\n<\/div>\n<p>En parte, ello se debi\u00f3 a que el 3 de abril del 2020, la UNESCO public\u00f3 la Declaraci\u00f3n: \u201cConvirtiendo la amenaza del COVID-19 en una oportunidad para un mayor apoyo al patrimonio documental\u201d, la cual tuvo como objetivo fundamental apoyar la labor de las instituciones de archivo, al orientar y aclarar los v\u00ednculos conceptuales y pr\u00e1cticos entre la preservaci\u00f3n del patrimonio documental y la salud p\u00fablica y la gesti\u00f3n de las pandemias, sin dejar de impulsar para ello la necesaria solidaridad internacional. Dicha declaraci\u00f3n estuvo firmada conjuntamente por la UNESCO, la Federaci\u00f3n Internacional de Asociaciones de Bibliotecarios y Bibliotecas (IFLA), el Consejo Internacional de Archivos (ICA), el Centro Internacional de Estudios de Conservaci\u00f3n y Restauraci\u00f3n de los Bienes Culturales (ICCROM), el Consejo Internacional de Museos (ICOM) y el Consejo de Coordinaci\u00f3n de las Asociaciones de Archivos Audiovisuales (CCAAA), entre otros.<\/p>\n<div class=\"row\" style=\"text-align: center\">\n<div class=\"col-sm-6\" style=\"text-align: right\"><span class=\"su-lightbox text_align: center\" data-mfp-src=\"https:\/\/www.oaxaca.gob.mx\/ageo\/wp-content\/uploads\/sites\/62\/2022\/08\/pub-220327-02.jpg\" data-mfp-type=\"image\" data-mobile=\"yes\"><img decoding=\"async\" src=\"https:\/\/www.oaxaca.gob.mx\/ageo\/wp-content\/uploads\/sites\/62\/2022\/08\/pub-220327-02.jpg\" alt=\"\" width=\"80%\" \/><\/span>\n<p style=\"text-align: center;font-size: 12px;margin-bottom: 2em\"><em>Capacitaci\u00f3n en l\u00ednea.<\/em><\/p>\n<\/div>\n<div class=\"col-sm-6\" style=\"text-align: left\"><span class=\"su-lightbox text_align: center\" data-mfp-src=\"https:\/\/www.oaxaca.gob.mx\/ageo\/wp-content\/uploads\/sites\/62\/2022\/08\/pub-220327-03.jpg\" data-mfp-type=\"image\" data-mobile=\"yes\"><img decoding=\"async\" src=\"https:\/\/www.oaxaca.gob.mx\/ageo\/wp-content\/uploads\/sites\/62\/2022\/08\/pub-220327-03.jpg\" alt=\"\" width=\"80%\" \/><\/span>\n<p style=\"text-align: center;font-size: 12px;margin-bottom: 2em\"><em>Jorge \u00c1lvarez, exposici\u00f3n virtual \u201cLas bebidas alcoh\u00f3licas en el Estado de Oaxaca\u201d.<\/em><\/p>\n<\/div>\n<\/div>\n<p>En dicha declaraci\u00f3n se destacan 4 puntos:<br \/>\n1. Ampliar la cooperaci\u00f3n nacional e internacional en la preservaci\u00f3n y accesibilidad del patrimonio documental.<br \/>\n2. Los Estados miembros deben aumentar la inversi\u00f3n en la preservaci\u00f3n y la accesibilidad del patrimonio documental, sin reducir sus servicios, teniendo una correcta gesti\u00f3n de los riesgos.<br \/>\n3. Resaltar la importancia de que las instituciones responsables de la memoria sean m\u00e1s accesibles para los ciudadanos, los tomadores de decisiones, los investigadores, los encargados de formular pol\u00edticas, los profesionales de los medios de comunicaci\u00f3n, los cient\u00edficos y la comunidad en general.<br \/>\n4. Alentar a las personas, a los encargados de formular pol\u00edticas y la comunidad cient\u00edfica para que aprecien el valor del trabajo que se realiza en los archivos y la utilidad de las instituciones de archivo como poseedoras de la memoria del mundo en todas sus manifestaciones, incluidas las pandemias y la respuesta del mundo ante ellas.<\/p>\n<div style=\"text-align: center\"><span class=\"su-lightbox text_align: center\" data-mfp-src=\"https:\/\/www.oaxaca.gob.mx\/ageo\/wp-content\/uploads\/sites\/62\/2022\/08\/pub-220327-04.jpg\" data-mfp-type=\"image\" data-mobile=\"yes\"><img decoding=\"async\" src=\"https:\/\/www.oaxaca.gob.mx\/ageo\/wp-content\/uploads\/sites\/62\/2022\/08\/pub-220327-04.jpg\" alt=\"\" width=\"80%\" \/><\/span>\n<p style=\"text-align: center;font-size: 12px;margin-bottom: 2em\"><em>Publicaci\u00f3n del art\u00edculo de Zaria Fuentes, sobre el aborto.<\/em><\/p>\n<\/div>\n<p>La UNESCO instaba tambi\u00e9n a llevar un registro completo de la evoluci\u00f3n de la pandemia, para prevenir otros brotes en el futuro y gestionar mejor el impacto de estos acontecimientos mundiales en la sociedad. Tambi\u00e9n solicit\u00f3 el que se crearan archivos sobre la pandemia por ser esta un proceso hist\u00f3rico que debe ser escrutado como lo fue la peste espa\u00f1ola, las epidemias de c\u00f3lera o viruela y otros grandes acontecimientos.<\/p>\n<p>Continuar\u00e1\u2026<\/p>\n","protected":false},"excerpt":{"rendered":"<p>Por Luz Stella Camargo. A finales de 2019 apareci\u00f3 el coronavirus. Se propag\u00f3 r\u00e1pidamente hasta convertirse en una epidemia conocida como COVID \u2013 19, la cual se extendi\u00f3 por todo el mundo, habiendo sido declarada una pandemia global por la Organizaci\u00f3n Mundial de la Salud. El 20 de marzo de 2020, por instrucciones de la [&hellip;]<\/p>\n","protected":false},"author":69,"featured_media":8199,"comment_status":"open","ping_status":"open","sticky":false,"template":"","format":"standard","meta":{"episode_type":"","audio_file":"","podmotor_file_id":"","podmotor_episode_id":"","cover_image":"","cover_image_id":"","duration":"","filesize":"","filesize_raw":"","date_recorded":"","explicit":"","block":"","itunes_episode_number":"","itunes_title":"","itunes_season_number":"","itunes_episode_type":"","footnotes":""},"categories":[9,11],"tags":[],"class_list":["post-8197","post","type-post","status-publish","format-standard","has-post-thumbnail","hentry","category-noticias","category-publicaciones"],"acf":[],"publishpress_future_action":{"enabled":false,"date":"2026-05-08 04:47:09","action":"change-status","newStatus":"draft","terms":[],"taxonomy":"category","extraData":[]},"publishpress_future_workflow_manual_trigger":{"enabledWorkflows":[]},"_links":{"self":[{"href":"https:\/\/www.oaxaca.gob.mx\/ageo\/wp-json\/wp\/v2\/posts\/8197","targetHints":{"allow":["GET"]}}],"collection":[{"href":"https:\/\/www.oaxaca.gob.mx\/ageo\/wp-json\/wp\/v2\/posts"}],"about":[{"href":"https:\/\/www.oaxaca.gob.mx\/ageo\/wp-json\/wp\/v2\/types\/post"}],"author":[{"embeddable":true,"href":"https:\/\/www.oaxaca.gob.mx\/ageo\/wp-json\/wp\/v2\/users\/69"}],"replies":[{"embeddable":true,"href":"https:\/\/www.oaxaca.gob.mx\/ageo\/wp-json\/wp\/v2\/comments?post=8197"}],"version-history":[{"count":1,"href":"https:\/\/www.oaxaca.gob.mx\/ageo\/wp-json\/wp\/v2\/posts\/8197\/revisions"}],"predecessor-version":[{"id":8202,"href":"https:\/\/www.oaxaca.gob.mx\/ageo\/wp-json\/wp\/v2\/posts\/8197\/revisions\/8202"}],"wp:featuredmedia":[{"embeddable":true,"href":"https:\/\/www.oaxaca.gob.mx\/ageo\/wp-json\/wp\/v2\/media\/8199"}],"wp:attachment":[{"href":"https:\/\/www.oaxaca.gob.mx\/ageo\/wp-json\/wp\/v2\/media?parent=8197"}],"wp:term":[{"taxonomy":"category","embeddable":true,"href":"https:\/\/www.oaxaca.gob.mx\/ageo\/wp-json\/wp\/v2\/categories?post=8197"},{"taxonomy":"post_tag","embeddable":true,"href":"https:\/\/www.oaxaca.gob.mx\/ageo\/wp-json\/wp\/v2\/tags?post=8197"}],"curies":[{"name":"wp","href":"https:\/\/api.w.org\/{rel}","templated":true}]}}