{"id":8045,"date":"2021-07-25T14:03:59","date_gmt":"2021-07-25T19:03:59","guid":{"rendered":"https:\/\/www.oaxaca.gob.mx\/ageo\/?p=8045"},"modified":"2022-08-25T14:45:33","modified_gmt":"2022-08-25T19:45:33","slug":"el-sueno-americano-y-sus-adversidades","status":"publish","type":"post","link":"https:\/\/www.oaxaca.gob.mx\/ageo\/el-sueno-americano-y-sus-adversidades\/","title":{"rendered":"<b><strong>EL SUE\u00d1O AMERICANO Y SUS ADVERSIDADES<\/strong><\/b>"},"content":{"rendered":"<p style=\"text-align: right\">Por <b><strong>Demnis Mart\u00ednez Vasquez<\/strong><\/b>.<\/p>\n<p>El \u00absue\u00f1o americano\u00bb en una tierra en la que la vida deber\u00eda ser mejor, m\u00e1s rica y plena para cada hombre, con oportunidades para cada quien seg\u00fan su habilidad o logro, es un sue\u00f1o dif\u00edcil de interpretar adecuadamente para las clases altas y muchos de nosotros mismos nos hemos cansado y desconfiado. No es solo un sue\u00f1o de autom\u00f3viles y salarios altos, sino de un sue\u00f1o de orden social, en el que cada hombre y cada mujer sean capaces de forma innata, y que otros los reconozcan por lo que son, independientemente de las circunstancias fortuitas de nacimiento o posici\u00f3n. El \u00absue\u00f1o americano\u00bb, que ha atra\u00eddo a decenas de millones de todas las naciones a nuestras costas en los siglos pasados, ha sido un sue\u00f1o de crecer al m\u00e1ximo desarrollo como hombre o mujer, sin obst\u00e1culos por las barreras que se hab\u00edan erigido lentamente en las civilizaciones m\u00e1s antiguas, sin represalias por \u00f3rdenes sociales que se hab\u00edan desarrollado para el beneficio de las clases y no para el simple ser humano.<\/p>\n<div class=\"row\" style=\"text-align: center\">\n<div class=\"col-sm-6\" style=\"text-align: center\"><span class=\"su-lightbox text_align: center\" data-mfp-src=\"https:\/\/www.oaxaca.gob.mx\/ageo\/wp-content\/uploads\/sites\/62\/2022\/08\/pub-210725-01.jpg\" data-mfp-type=\"image\" data-mobile=\"yes\"><img decoding=\"async\" src=\"https:\/\/www.oaxaca.gob.mx\/ageo\/wp-content\/uploads\/sites\/62\/2022\/08\/pub-210725-01.jpg\" alt=\"\" width=\"80%\" \/><\/span>\n<p style=\"text-align: center;font-size: 12px;margin-bottom: 2em\"><em>Instrucciones dirigidas a los campesinos y obreros, 1929.<\/em><\/p>\n<\/div>\n<div class=\"col-sm-6\" style=\"text-align: center\"><span class=\"su-lightbox text_align: center\" data-mfp-src=\"https:\/\/www.oaxaca.gob.mx\/ageo\/wp-content\/uploads\/sites\/62\/2022\/08\/pub-210725-02.jpg\" data-mfp-type=\"image\" data-mobile=\"yes\"><img decoding=\"async\" src=\"https:\/\/www.oaxaca.gob.mx\/ageo\/wp-content\/uploads\/sites\/62\/2022\/08\/pub-210725-02.jpg\" alt=\"\" width=\"80%\" \/><\/span>\n<p style=\"text-align: center;font-size: 12px;margin-bottom: 2em\"><em>Documentos solicitados para facilitar su migraci\u00f3n.<\/em><\/p>\n<\/div>\n<\/div>\n<p>Referente a este tema, hablaremos de un expediente que se encuentra en la caja 5061, del fondo Gobierno, siglo XX, secci\u00f3n Secretar\u00eda del Despacho, serie Servicio migratorio, del a\u00f1o 1929, que se encuentra resguardado en los repositorios del Archivo General del Estado de Oaxaca.<\/p>\n<p>En 1929, mediante la circular 38, que fue girada al C. Gobernador del Estado de Oaxaca, con las instrucciones que deben de impartir a los obreros y campesinos, que pretendieran emigrar a los Estados Unidos de Am\u00e9rica, para evitarles dificultades como las deportaciones y encarcelamientos por parte de las autoridades extranjeras. Adem\u00e1s de citar los documentos necesarios para facilitar su migraci\u00f3n:<\/p>\n<div class=\"row\">\n<div class=\"col-sm-1\" style=\"text-align: right\">\u25cf<\/p>\n<p style=\"text-align: right\">\n<\/div>\n<div class=\"col-sm-11\" style=\"text-align: left\">Certificado m\u00e9dico: este documento debe ser expedido por un m\u00e9dico expresamente designado por el c\u00f3nsul de dicho pa\u00eds.<\/p>\n<p style=\"text-align: left\">\n<\/div>\n<\/div>\n<div class=\"row\">\n<div class=\"col-sm-1\" style=\"text-align: right\">\u25cf<\/p>\n<p style=\"text-align: right\">\n<\/div>\n<div class=\"col-sm-11\" style=\"text-align: left\">Acta de nacimiento: este documento debe presentarse por duplicado en copia certificada y si no se contara con el acta de nacimiento pudiera suplirse con; fe de bautismo, una o m\u00e1s declaraciones hechas ante notario o juez por parientes cercanos, certificado de inscripci\u00f3n en un consulado mexicano y declaraci\u00f3n hecha por el interesado ante un juez del Registro Civil.<\/p>\n<p style=\"text-align: left\">\n<\/div>\n<\/div>\n<div class=\"row\">\n<div class=\"col-sm-1\" style=\"text-align: right\">\u25cf<\/p>\n<p style=\"text-align: right\">\n<\/div>\n<div class=\"col-sm-11\" style=\"text-align: left\">Acta de matrimonio: copia certificada por autoridades competentes.<\/p>\n<p style=\"text-align: left\">\n<\/div>\n<\/div>\n<div class=\"row\">\n<div class=\"col-sm-1\" style=\"text-align: right\">\u25cf<\/p>\n<p style=\"text-align: right\">\n<\/div>\n<div class=\"col-sm-11\" style=\"text-align: left\">Acta de divorcio: en las mismas condiciones que la anterior.<\/p>\n<p style=\"text-align: left\">\n<\/div>\n<\/div>\n<div class=\"row\" style=\"text-align: center\">\n<div class=\"col-sm-6\" style=\"text-align: center\"><span class=\"su-lightbox text_align: center\" data-mfp-src=\"https:\/\/www.oaxaca.gob.mx\/ageo\/wp-content\/uploads\/sites\/62\/2022\/08\/pub-210725-02.jpg\" data-mfp-type=\"image\" data-mobile=\"yes\"><img decoding=\"async\" src=\"https:\/\/www.oaxaca.gob.mx\/ageo\/wp-content\/uploads\/sites\/62\/2022\/08\/pub-210725-03.jpg\" alt=\"\" width=\"80%\" \/><\/span>\n<p style=\"text-align: center;font-size: 12px;margin-bottom: 2em\"><em>Firma de Ignacio Garc\u00eda, oficial mayor.<\/em><\/p>\n<\/div>\n<div class=\"col-sm-6\" style=\"text-align: center\"><span class=\"su-lightbox text_align: center\" data-mfp-src=\"https:\/\/www.oaxaca.gob.mx\/ageo\/wp-content\/uploads\/sites\/62\/2022\/08\/pub-210725-04.jpg\" data-mfp-type=\"image\" data-mobile=\"yes\"><img decoding=\"async\" src=\"https:\/\/www.oaxaca.gob.mx\/ageo\/wp-content\/uploads\/sites\/62\/2022\/08\/pub-210725-04.jpg\" alt=\"\" width=\"80%\" \/><\/span>\n<p style=\"text-align: center;font-size: 12px;margin-bottom: 2em\"><em>Volante de migraci\u00f3n, emitido por Rafael Jim\u00e9nez Castro.<\/em><\/p>\n<\/div>\n<\/div>\n<p>El gobierno oaxaque\u00f1o no pretend\u00eda la prohibici\u00f3n de que sus ciudadanos salieran del territorio nacional en busca de mejores salarios, pero si quiso impedir que fueran explotados por enganchadores, extorsionados por empresas inhumanas, encarcelados en las prisiones extranjeras, multados por autoridades rigurosas, tuvieran que ser expulsados pobres y enfermos, y sobre todo sin poder recibir el amparo de su naci\u00f3n.<\/p>\n<p>Por \u00faltimo, se informan las noticias relativas a los mexicanos deportados de los Estados Unidos del Norte, durante el a\u00f1o de 1929, donde se enlistan las diversas causas de su deportaci\u00f3n, destacando: la falta de pasaporte o documento de migraci\u00f3n, violaciones a la ley de migraci\u00f3n, integraci\u00f3n ilegal, robo, y falta de pago de impuestos, as\u00ed como las cantidades de hombres y mujeres que fueron deportados, dando un total de 9265 deportaciones.<\/p>\n<div style=\"text-align: center\"><span class=\"su-lightbox text_align: center\" data-mfp-src=\"https:\/\/www.oaxaca.gob.mx\/ageo\/wp-content\/uploads\/sites\/62\/2022\/08\/pub-210725-05.jpg\" data-mfp-type=\"image\" data-mobile=\"yes\"><img decoding=\"async\" src=\"https:\/\/www.oaxaca.gob.mx\/ageo\/wp-content\/uploads\/sites\/62\/2022\/08\/pub-210725-05.jpg\" alt=\"\" width=\"80%\" \/><\/span>\n<p style=\"text-align: center;font-size: 12px;margin-bottom: 2em\"><em>Noticia referente a las deportaciones hechas en 1929.<\/em><\/p>\n<\/div>\n<p>Toda esta informaci\u00f3n, nos muestra como la migraci\u00f3n de nuestros conciudadanos, era un tema muy importante para las autoridades, al igual que en nuestros tiempos, la necesidad de encontrar una mejor vida, alcanzar el sue\u00f1o americano, sigue siendo una ilusi\u00f3n buscada y pocas veces alcanzada, este movimiento de poblaci\u00f3n se encuentra vertido en los documentos que se resguardan en el Archivo Hist\u00f3rico del AGEO, por lo cual los invitamos a consultarlos para rescatar el pasado de nuestra entidad.<\/p>\n","protected":false},"excerpt":{"rendered":"<p>Por Demnis Mart\u00ednez Vasquez. El \u00absue\u00f1o americano\u00bb en una tierra en la que la vida deber\u00eda ser mejor, m\u00e1s rica y plena para cada hombre, con oportunidades para cada quien seg\u00fan su habilidad o logro, es un sue\u00f1o dif\u00edcil de interpretar adecuadamente para las clases altas y muchos de nosotros mismos nos hemos cansado y [&hellip;]<\/p>\n","protected":false},"author":69,"featured_media":8049,"comment_status":"open","ping_status":"open","sticky":false,"template":"","format":"standard","meta":{"episode_type":"","audio_file":"","podmotor_file_id":"","podmotor_episode_id":"","cover_image":"","cover_image_id":"","duration":"","filesize":"","filesize_raw":"","date_recorded":"","explicit":"","block":"","itunes_episode_number":"","itunes_title":"","itunes_season_number":"","itunes_episode_type":"","footnotes":""},"categories":[9,11],"tags":[],"class_list":["post-8045","post","type-post","status-publish","format-standard","has-post-thumbnail","hentry","category-noticias","category-publicaciones"],"acf":[],"publishpress_future_action":{"enabled":false,"date":"2026-05-07 09:27:29","action":"change-status","newStatus":"draft","terms":[],"taxonomy":"category","extraData":[]},"publishpress_future_workflow_manual_trigger":{"enabledWorkflows":[]},"_links":{"self":[{"href":"https:\/\/www.oaxaca.gob.mx\/ageo\/wp-json\/wp\/v2\/posts\/8045","targetHints":{"allow":["GET"]}}],"collection":[{"href":"https:\/\/www.oaxaca.gob.mx\/ageo\/wp-json\/wp\/v2\/posts"}],"about":[{"href":"https:\/\/www.oaxaca.gob.mx\/ageo\/wp-json\/wp\/v2\/types\/post"}],"author":[{"embeddable":true,"href":"https:\/\/www.oaxaca.gob.mx\/ageo\/wp-json\/wp\/v2\/users\/69"}],"replies":[{"embeddable":true,"href":"https:\/\/www.oaxaca.gob.mx\/ageo\/wp-json\/wp\/v2\/comments?post=8045"}],"version-history":[{"count":3,"href":"https:\/\/www.oaxaca.gob.mx\/ageo\/wp-json\/wp\/v2\/posts\/8045\/revisions"}],"predecessor-version":[{"id":8053,"href":"https:\/\/www.oaxaca.gob.mx\/ageo\/wp-json\/wp\/v2\/posts\/8045\/revisions\/8053"}],"wp:featuredmedia":[{"embeddable":true,"href":"https:\/\/www.oaxaca.gob.mx\/ageo\/wp-json\/wp\/v2\/media\/8049"}],"wp:attachment":[{"href":"https:\/\/www.oaxaca.gob.mx\/ageo\/wp-json\/wp\/v2\/media?parent=8045"}],"wp:term":[{"taxonomy":"category","embeddable":true,"href":"https:\/\/www.oaxaca.gob.mx\/ageo\/wp-json\/wp\/v2\/categories?post=8045"},{"taxonomy":"post_tag","embeddable":true,"href":"https:\/\/www.oaxaca.gob.mx\/ageo\/wp-json\/wp\/v2\/tags?post=8045"}],"curies":[{"name":"wp","href":"https:\/\/api.w.org\/{rel}","templated":true}]}}