{"id":8007,"date":"2021-09-12T12:08:23","date_gmt":"2021-09-12T17:08:23","guid":{"rendered":"https:\/\/www.oaxaca.gob.mx\/ageo\/?p=8007"},"modified":"2022-08-25T12:25:07","modified_gmt":"2022-08-25T17:25:07","slug":"carreteras-de-oaxaca","status":"publish","type":"post","link":"https:\/\/www.oaxaca.gob.mx\/ageo\/carreteras-de-oaxaca\/","title":{"rendered":"<b><strong>CARRETERAS DE OAXACA<\/strong><\/b>"},"content":{"rendered":"<p style=\"text-align: right\">Por <b><strong>Irving Felipe V\u00e1squez Mart\u00ednez<\/strong><\/b>.<\/p>\n<p>Siempre ha sido muy importante la comunicaci\u00f3n entre las comunidades, los pueblos y las ciudades de una regi\u00f3n o un pa\u00eds, es por eso que los gobiernos siempre han tenido presente esta actividad, para as\u00ed conducir al desarrollo y el progreso de los pueblos. <\/p>\n<div style=\"text-align: center\"><span class=\"su-lightbox text_align: center\" data-mfp-src=\"https:\/\/www.oaxaca.gob.mx\/ageo\/wp-content\/uploads\/sites\/62\/2022\/08\/pub-210912-01.jpg\" data-mfp-type=\"image\" data-mobile=\"yes\"><img decoding=\"async\" src=\"https:\/\/www.oaxaca.gob.mx\/ageo\/wp-content\/uploads\/sites\/62\/2022\/08\/pub-210912-01.jpg\" alt=\"\" width=\"80%\" \/><\/span>\n<p style=\"text-align: center;font-size: 12px;margin-bottom: 2em\"><em>Fondo: Gobierno. Secci\u00f3n: Comunicaciones y transportes. Serie: Caminos nacionales y estatales. Subserie: Correspondencia.<\/em><\/p>\n<\/div>\n<p>En el Archivo General del Estado de Oaxaca se resguardan valios\u00edsimos documentos que datan del siglo XIX, que nos llevan a conocer desde la sencillez de un camino rural, hasta la trascendencia de un proyecto de tramo carretero que conecta a dos estados, y que sorprende con la simplicidad que se ten\u00eda para resolver y ejecutar este tipo de obras.<\/p>\n<p>A continuaci\u00f3n, presentare dos casos que despertaron mi curiosidad y aunque son muy diferentes, pueden ser encontrados en la secci\u00f3n Comunicaciones y transportes, dentro del fondo Gobierno.<\/p>\n<p>El primer caso se trata de una solicitud de vista de ojos, por un problema en el paso de los vecinos de las haciendas del Rosario y de Cinco se\u00f1ores, en el cual se pide asignar a una persona que haga el informe de \u201cvista de ojos\u201d y notifique a la autoridad, cual es la situaci\u00f3n por la que se est\u00e1 realizando esta solicitud, y as\u00ed determinar una soluci\u00f3n a este conflicto, el contenido es muy rico ya que detalla el nombre del solicitante, el lugar del conflicto y las caracter\u00edsticas que lo provocan, as\u00ed como las partes involucradas y tambi\u00e9n la soluci\u00f3n que se da al conflicto; est\u00e9ticamente tambi\u00e9n es muy importante destacar la escritura, los elementos que componen la solicitud, como el sello del solicitante, el timbre postal y en especial un croquis trazado a mano que se anexa al reporte presentado por el verificador, la lectura de este interesante documento les har\u00e1 llevarse una sorpresa. <\/p>\n<div class=\"row\" style=\"text-align: center\">\n<div class=\"col-sm-4\" style=\"text-align: center\"><span class=\"su-lightbox text_align: center\" data-mfp-src=\"https:\/\/www.oaxaca.gob.mx\/ageo\/wp-content\/uploads\/sites\/62\/2022\/08\/pub-210912-02.jpg\" data-mfp-type=\"image\" data-mobile=\"yes\"><img decoding=\"async\" src=\"https:\/\/www.oaxaca.gob.mx\/ageo\/wp-content\/uploads\/sites\/62\/2022\/08\/pub-210912-02.jpg\" alt=\"\" width=\"80%\" \/><\/span>\n<p style=\"text-align: center;font-size: 12px;margin-bottom: 2em\"><em>Fondo: Gobierno. Secci\u00f3n: Comunicaciones y transportes. Serie: Caminos nacionales y estatales. Subserie: Solicitudes y quejas.<\/em><\/p>\n<\/div>\n<div class=\"col-sm-4\" style=\"text-align: center\"><span class=\"su-lightbox text_align: center\" data-mfp-src=\"https:\/\/www.oaxaca.gob.mx\/ageo\/wp-content\/uploads\/sites\/62\/2022\/08\/pub-210912-03.jpg\" data-mfp-type=\"image\" data-mobile=\"yes\"><img decoding=\"async\" src=\"https:\/\/www.oaxaca.gob.mx\/ageo\/wp-content\/uploads\/sites\/62\/2022\/08\/pub-210912-03.jpg\" alt=\"\" width=\"80%\" \/><\/span>\n<p style=\"text-align: center;font-size: 12px;margin-bottom: 2em\"><em>Fondo: Gobierno. Secci\u00f3n: Comunicaciones y transportes. Serie: Caminos nacionales y estatales. Subserie: Solicitudes y quejas.<\/em><\/p>\n<\/div>\n<div class=\"col-sm-4\" style=\"text-align: center\"><span class=\"su-lightbox text_align: center\" data-mfp-src=\"https:\/\/www.oaxaca.gob.mx\/ageo\/wp-content\/uploads\/sites\/62\/2022\/08\/pub-210912-04.jpg\" data-mfp-type=\"image\" data-mobile=\"yes\"><img decoding=\"async\" src=\"https:\/\/www.oaxaca.gob.mx\/ageo\/wp-content\/uploads\/sites\/62\/2022\/08\/pub-210912-04.jpg\" alt=\"\" width=\"80%\" \/><\/span>\n<p style=\"text-align: center;font-size: 12px;margin-bottom: 2em\"><em>Fondo: Gobierno. Secci\u00f3n: Comunicaciones y transportes. Serie: Caminos nacionales y estatales. Subserie: Solicitudes y quejas.<\/em><\/p>\n<\/div>\n<\/div>\n<p>El segundo caso es de proporciones mayores, ya que se trata de un contrato que a m\u00e1s de uno llamar\u00e1 la atenci\u00f3n, ya que se trata de un contrato que formalizar\u00e1 la construcci\u00f3n del camino carretero que va desde Tehuac\u00e1n a Huatulco y que sin duda alguna en su momento facilit\u00f3 el transporte, la comunicaci\u00f3n, el comercio en la zona y que estableci\u00f3 las bases para la construcci\u00f3n de los caminos actuales. Invito a la lectura de estos documentos, dejo abierto a su inter\u00e9s y curiosidad el deseo de conocer el desenlace de esta importante parte de la historia de los caminos de nuestro Estado a trav\u00e9s del tiempo.<\/p>\n<p>Est\u00e1 abierta la invitaci\u00f3n para que en cuanto sea posible nos visiten en las Instalaciones del Archivo General del Estado de Oaxaca, para consultar la serie documental Caminos nacionales y estatales, donde se encuentran estos y muchos m\u00e1s documentos, relacionados al desarrollo de las comunicaciones en nuestra entidad.<\/p>\n","protected":false},"excerpt":{"rendered":"<p>Por Irving Felipe V\u00e1squez Mart\u00ednez. Siempre ha sido muy importante la comunicaci\u00f3n entre las comunidades, los pueblos y las ciudades de una regi\u00f3n o un pa\u00eds, es por eso que los gobiernos siempre han tenido presente esta actividad, para as\u00ed conducir al desarrollo y el progreso de los pueblos. Fondo: Gobierno. Secci\u00f3n: Comunicaciones y transportes. [&hellip;]<\/p>\n","protected":false},"author":69,"featured_media":8011,"comment_status":"open","ping_status":"open","sticky":false,"template":"","format":"standard","meta":{"episode_type":"","audio_file":"","podmotor_file_id":"","podmotor_episode_id":"","cover_image":"","cover_image_id":"","duration":"","filesize":"","filesize_raw":"","date_recorded":"","explicit":"","block":"","itunes_episode_number":"","itunes_title":"","itunes_season_number":"","itunes_episode_type":"","footnotes":""},"categories":[9,11],"tags":[],"class_list":["post-8007","post","type-post","status-publish","format-standard","has-post-thumbnail","hentry","category-noticias","category-publicaciones"],"acf":[],"publishpress_future_action":{"enabled":false,"date":"2026-05-08 04:31:02","action":"change-status","newStatus":"draft","terms":[],"taxonomy":"category","extraData":[]},"publishpress_future_workflow_manual_trigger":{"enabledWorkflows":[]},"_links":{"self":[{"href":"https:\/\/www.oaxaca.gob.mx\/ageo\/wp-json\/wp\/v2\/posts\/8007","targetHints":{"allow":["GET"]}}],"collection":[{"href":"https:\/\/www.oaxaca.gob.mx\/ageo\/wp-json\/wp\/v2\/posts"}],"about":[{"href":"https:\/\/www.oaxaca.gob.mx\/ageo\/wp-json\/wp\/v2\/types\/post"}],"author":[{"embeddable":true,"href":"https:\/\/www.oaxaca.gob.mx\/ageo\/wp-json\/wp\/v2\/users\/69"}],"replies":[{"embeddable":true,"href":"https:\/\/www.oaxaca.gob.mx\/ageo\/wp-json\/wp\/v2\/comments?post=8007"}],"version-history":[{"count":4,"href":"https:\/\/www.oaxaca.gob.mx\/ageo\/wp-json\/wp\/v2\/posts\/8007\/revisions"}],"predecessor-version":[{"id":8015,"href":"https:\/\/www.oaxaca.gob.mx\/ageo\/wp-json\/wp\/v2\/posts\/8007\/revisions\/8015"}],"wp:featuredmedia":[{"embeddable":true,"href":"https:\/\/www.oaxaca.gob.mx\/ageo\/wp-json\/wp\/v2\/media\/8011"}],"wp:attachment":[{"href":"https:\/\/www.oaxaca.gob.mx\/ageo\/wp-json\/wp\/v2\/media?parent=8007"}],"wp:term":[{"taxonomy":"category","embeddable":true,"href":"https:\/\/www.oaxaca.gob.mx\/ageo\/wp-json\/wp\/v2\/categories?post=8007"},{"taxonomy":"post_tag","embeddable":true,"href":"https:\/\/www.oaxaca.gob.mx\/ageo\/wp-json\/wp\/v2\/tags?post=8007"}],"curies":[{"name":"wp","href":"https:\/\/api.w.org\/{rel}","templated":true}]}}