{"id":7908,"date":"2021-12-12T12:36:29","date_gmt":"2021-12-12T18:36:29","guid":{"rendered":"https:\/\/www.oaxaca.gob.mx\/ageo\/?p=7908"},"modified":"2022-08-24T12:51:35","modified_gmt":"2022-08-24T17:51:35","slug":"en-busca-del-acta-perdida-segunda-parte","status":"publish","type":"post","link":"https:\/\/www.oaxaca.gob.mx\/ageo\/en-busca-del-acta-perdida-segunda-parte\/","title":{"rendered":"<b><strong>En busca del acta perdida.<\/strong><\/b> Segunda parte."},"content":{"rendered":"<p style=\"text-align: right\">Por <b><strong>Wagive Turcott Fiat<\/strong><\/b>.<\/p>\n<p>Encontrarnos con nuestro pasado familiar es como hacer un viaje en el tiempo y encontrarnos con la historia de nuestra patria, mi abuelo paterno, por ejemplo, quien naci\u00f3 en el mes de marzo, curiosamente fue bautizado el 18 de julio de 1872, la fecha en que muri\u00f3 Benito Ju\u00e1rez, presidente de M\u00e9xico en ese entonces. Una coincidencia que me permite contextualizar la vida de mis antepasados en esa \u00e9poca.<\/p>\n<div style=\"text-align: center\"><span class=\"su-lightbox text_align: center\" data-mfp-src=\"https:\/\/www.oaxaca.gob.mx\/ageo\/wp-content\/uploads\/sites\/62\/2022\/08\/pub-211212-01.jpg\" data-mfp-type=\"image\" data-mobile=\"yes\"><img decoding=\"async\" src=\"https:\/\/www.oaxaca.gob.mx\/ageo\/wp-content\/uploads\/sites\/62\/2022\/08\/pub-211212-01.jpg\" alt=\"\" width=\"80%\" \/><\/span>\n<p style=\"text-align: center;font-size: 12px;margin-bottom: 2em\"><em>Abuelo paterno bautizado el 18 de julio de 1872.<\/em><\/p>\n<\/div>\n<p>Se leen tambi\u00e9n los nombres de mi bisabuelo y de mi bisabuela, los nombres del padrino, de la madrina, del p\u00e1rroco, aparece ya Minatitl\u00e1n, en los registros familiares anteriores, aparecen los nombres Chinameca y de Cosoleacaque, fue hasta el 28 de mayo de 1853, cuando por decreto presidencial se nombr\u00f3 Minatitl\u00e1n, como villa y cabecera del territorio de Tehuantepec.<\/p>\n<div style=\"text-align: center\"><span class=\"su-lightbox text_align: center\" data-mfp-src=\"https:\/\/www.oaxaca.gob.mx\/ageo\/wp-content\/uploads\/sites\/62\/2022\/08\/pub-211212-02.jpg\" data-mfp-type=\"image\" data-mobile=\"yes\"><img decoding=\"async\" src=\"https:\/\/www.oaxaca.gob.mx\/ageo\/wp-content\/uploads\/sites\/62\/2022\/08\/pub-211212-02.jpg\" alt=\"\" width=\"80%\" \/><\/span>\n<p style=\"text-align: center;font-size: 12px;margin-bottom: 2em\"><em>Registros familiares anteriores.<\/em><\/p>\n<\/div>\n<p>En la investigaci\u00f3n documental podemos toparnos con algunas dificultades, como descifrar lo que dicen los documentos manuscritos de siglos pasados, sin embargo, sobre la marcha se van adquiriendo rudimentos de paleograf\u00eda, que permiten descifrar los registros.<br \/>\nCuando los registros de nuestros antepasados est\u00e1n en otra lengua, quiz\u00e1 necesitemos ayuda, los traductores en l\u00ednea son grandes auxiliares.<\/p>\n<div style=\"text-align: center\"><span class=\"su-lightbox text_align: center\" data-mfp-src=\"https:\/\/www.oaxaca.gob.mx\/ageo\/wp-content\/uploads\/sites\/62\/2022\/08\/pub-211212-03.jpg\" data-mfp-type=\"image\" data-mobile=\"yes\"><img decoding=\"async\" src=\"https:\/\/www.oaxaca.gob.mx\/ageo\/wp-content\/uploads\/sites\/62\/2022\/08\/pub-211212-03.jpg\" alt=\"\" width=\"80%\" \/><\/span>\n<p style=\"text-align: center;font-size: 12px;margin-bottom: 2em\"><em>Documentos dif\u00edciles de decifrar.<\/em><\/p>\n<\/div>\n<p>En este registro averig\u00fc\u00e9, que el 17 de julio de 1845, mi tatarabuelo, quien era granjero de San Fabian y mi tatarabuela, bautizaron a su hijo, nacido el d\u00eda anterior.<\/p>\n<p>Otra dificultad resulta con el cambio de nombres que sufrieron muchos inmigrantes al ingresar al pa\u00eds, algo muy frecuente a principios del siglo pasado, mi abuela materna llamada Wajibeh, qued\u00f3 registrada como Mar\u00eda, a mi abuelo, tambi\u00e9n le cambiaron el nombre, por lo que ha sido muy dif\u00edcil encontrar sus huellas documentales.<\/p>\n<p>En ocasiones el tiempo, la humedad, los insectos, han hecho estragos sobre los documentos da\u00f1\u00e1ndolos sensiblemente, o destruy\u00e9ndolos.<\/p>\n<div style=\"text-align: center\"><span class=\"su-lightbox text_align: center\" data-mfp-src=\"https:\/\/www.oaxaca.gob.mx\/ageo\/wp-content\/uploads\/sites\/62\/2022\/08\/pub-211212-04.jpg\" data-mfp-type=\"image\" data-mobile=\"yes\"><img decoding=\"async\" src=\"https:\/\/www.oaxaca.gob.mx\/ageo\/wp-content\/uploads\/sites\/62\/2022\/08\/pub-211212-04.jpg\" alt=\"\" width=\"80%\" \/><\/span>\n<p style=\"text-align: center;font-size: 12px;margin-bottom: 2em\"><em>Documento con da\u00f1os.<\/em><\/p>\n<\/div>\n<p>En los archivos familiares tambi\u00e9n podemos encontrarnos con calamidades, como sucedi\u00f3 con la moda que surgi\u00f3 en los a\u00f1os setentas del siglo pasado, de \u00e1lbumes de fotograf\u00eda con pegamento ya integrado en las hojas, en l\u00edneas onduladas, que adem\u00e1s ten\u00eda unas hojas transparentes que supuestamente proteger\u00edan las fotos, pero con el paso del tiempo pudo verse que suced\u00eda lo contrario y las sustancias qu\u00edmicas del pegamento las da\u00f1aban irremediablemente, la hoja transparente imped\u00eda la ventilaci\u00f3n y aceleraba los da\u00f1os.<\/p>\n<div style=\"text-align: center\"><span class=\"su-lightbox text_align: center\" data-mfp-src=\"https:\/\/www.oaxaca.gob.mx\/ageo\/wp-content\/uploads\/sites\/62\/2022\/08\/pub-211212-05.jpg\" data-mfp-type=\"image\" data-mobile=\"yes\"><img decoding=\"async\" src=\"https:\/\/www.oaxaca.gob.mx\/ageo\/wp-content\/uploads\/sites\/62\/2022\/08\/pub-211212-05.jpg\" alt=\"\" width=\"80%\" \/><\/span>\n<p style=\"text-align: center;font-size: 12px;margin-bottom: 2em\"><em>Fotograf\u00eda con da\u00f1o por pegamento.<\/em><\/p>\n<\/div>\n<p>A pesar de los imponderables, vale la pena realizar la investigaci\u00f3n documental, hemos heredado un pasado familiar y en la medida en que aprendemos sobre este, aprendemos m\u00e1s sobre nuestra persona. Dec\u00eda Voltaire: \u201cA los vivos les debemos respeto, pero a los muertos s\u00f3lo les debemos la verdad.\u201d<\/p>\n<p>Yo seguir\u00e9 en esta gran aventura, en busca del acta perdida, en el camino he encontrado muchas cosas de gran significado, m\u00e1s que nombres que se repiten a trav\u00e9s del tiempo, m\u00e1s que fechas; esos fragmentos de la vida de mis antepasados, esas piezas del rompecabezas de sus historias, son historias que de muchos modos est\u00e1n en m\u00ed.<\/p>\n<p>A Samuel y Juana, a Wilfrido y Macedonia, a Yousef y Wajibeh, a Eduardo y Natividad, a Samuel y Macedonia, a Hanna y Wajibeh, a Jean Baptiste y Flore Ad\u00e9line, a Francisco y Ascensi\u00f3n, a Samuel y Clotilde, a Jean Baptiste y Theodore, a Agust\u00edn y Therese y a aquellos otros que estoy buscando, les doy las gracias por todo.<\/p>\n","protected":false},"excerpt":{"rendered":"<p>Por Wagive Turcott Fiat. Encontrarnos con nuestro pasado familiar es como hacer un viaje en el tiempo y encontrarnos con la historia de nuestra patria, mi abuelo paterno, por ejemplo, quien naci\u00f3 en el mes de marzo, curiosamente fue bautizado el 18 de julio de 1872, la fecha en que muri\u00f3 Benito Ju\u00e1rez, presidente de [&hellip;]<\/p>\n","protected":false},"author":69,"featured_media":7910,"comment_status":"open","ping_status":"open","sticky":false,"template":"","format":"standard","meta":{"episode_type":"","audio_file":"","podmotor_file_id":"","podmotor_episode_id":"","cover_image":"","cover_image_id":"","duration":"","filesize":"","filesize_raw":"","date_recorded":"","explicit":"","block":"","itunes_episode_number":"","itunes_title":"","itunes_season_number":"","itunes_episode_type":"","footnotes":""},"categories":[9,11],"tags":[],"class_list":["post-7908","post","type-post","status-publish","format-standard","has-post-thumbnail","hentry","category-noticias","category-publicaciones"],"acf":[],"publishpress_future_action":{"enabled":false,"date":"2026-05-08 04:45:05","action":"change-status","newStatus":"draft","terms":[],"taxonomy":"category","extraData":[]},"publishpress_future_workflow_manual_trigger":{"enabledWorkflows":[]},"_links":{"self":[{"href":"https:\/\/www.oaxaca.gob.mx\/ageo\/wp-json\/wp\/v2\/posts\/7908","targetHints":{"allow":["GET"]}}],"collection":[{"href":"https:\/\/www.oaxaca.gob.mx\/ageo\/wp-json\/wp\/v2\/posts"}],"about":[{"href":"https:\/\/www.oaxaca.gob.mx\/ageo\/wp-json\/wp\/v2\/types\/post"}],"author":[{"embeddable":true,"href":"https:\/\/www.oaxaca.gob.mx\/ageo\/wp-json\/wp\/v2\/users\/69"}],"replies":[{"embeddable":true,"href":"https:\/\/www.oaxaca.gob.mx\/ageo\/wp-json\/wp\/v2\/comments?post=7908"}],"version-history":[{"count":1,"href":"https:\/\/www.oaxaca.gob.mx\/ageo\/wp-json\/wp\/v2\/posts\/7908\/revisions"}],"predecessor-version":[{"id":7914,"href":"https:\/\/www.oaxaca.gob.mx\/ageo\/wp-json\/wp\/v2\/posts\/7908\/revisions\/7914"}],"wp:featuredmedia":[{"embeddable":true,"href":"https:\/\/www.oaxaca.gob.mx\/ageo\/wp-json\/wp\/v2\/media\/7910"}],"wp:attachment":[{"href":"https:\/\/www.oaxaca.gob.mx\/ageo\/wp-json\/wp\/v2\/media?parent=7908"}],"wp:term":[{"taxonomy":"category","embeddable":true,"href":"https:\/\/www.oaxaca.gob.mx\/ageo\/wp-json\/wp\/v2\/categories?post=7908"},{"taxonomy":"post_tag","embeddable":true,"href":"https:\/\/www.oaxaca.gob.mx\/ageo\/wp-json\/wp\/v2\/tags?post=7908"}],"curies":[{"name":"wp","href":"https:\/\/api.w.org\/{rel}","templated":true}]}}