{"id":7061,"date":"2021-01-10T12:49:39","date_gmt":"2021-01-10T18:49:39","guid":{"rendered":"https:\/\/www.oaxaca.gob.mx\/ageo\/?p=7061"},"modified":"2021-02-07T15:03:33","modified_gmt":"2021-02-07T21:03:33","slug":"semblanza-personal-en-el-archivo","status":"publish","type":"post","link":"https:\/\/www.oaxaca.gob.mx\/ageo\/semblanza-personal-en-el-archivo\/","title":{"rendered":"Semblanza personal en el archivo."},"content":{"rendered":"<h1 style=\"text-align: center\"><b><strong>SEMBLANZA PERSONAL EN EL ARCHIVO.<\/strong><\/b><\/h1>\n<p style=\"text-align: right\">Por <b><strong>Antonia Guillermina Arellanes Ram\u00edrez<\/strong><\/b>.<\/p>\n<p>Llegu\u00e9 al Archivo (entonces Archivo General del Poder Ejecutivo del Estado de Oaxaca) en septiembre de 2007, debido al cambio de instalaciones del INNOVACG, Instituci\u00f3n donde laboraba. En ese tiempo el Archivo era una Jefatura de Departamento siendo su titular el Lic. Guillermo Sivelli Escudero, fui asignada al \u00e1rea de Difusi\u00f3n donde las actividades consist\u00edan en ir a las escuelas primarias invit\u00e1ndolas a una visita guiada por las instalaciones del Archivo, para mostrar los documentos hist\u00f3ricos m\u00e1s importantes, as\u00ed como las \u00e1reas de servicio al p\u00fablico, como eran la Hemeroteca con peri\u00f3dicos comerciales de 1939 a 1950, Peri\u00f3dicos Oficiales de 1837 a 2019, Diarios Oficiales de 1884 a 2016, Biblioteca con un acervo aproximado de 8000 vol\u00famenes de diferentes temas, Registro Civil Hist\u00f3rico con actas de 1861 a 1915 en sus tres rubros nacimiento, matrimonio y defunci\u00f3n, como ejemplos podemos mencionar, el acta de nacimiento de Mar\u00eda Sabina; de matrimonio de Porfirio D\u00edaz; de defunci\u00f3n de F\u00e9lix D\u00edaz, Macedonio Alcal\u00e1 y Benito Ju\u00e1rez Maza.<\/p>\n<div style=\"text-align: center\">\n[lightbox type=\u00bbimage\u00bb src=\u00bbhttps:\/\/www.oaxaca.gob.mx\/ageo\/wp-content\/uploads\/sites\/62\/2021\/02\/pub-210110-01.jpg\u00bb class=\u00bbtext_align: center\u00bb]<img loading=\"lazy\" decoding=\"async\" class=\"alignnone wp-image-7064\" src=\"https:\/\/www.oaxaca.gob.mx\/ageo\/wp-content\/uploads\/sites\/62\/2021\/02\/pub-210110-01-300x224.jpg\" alt=\"\" width=\"600\" height=\"449\" srcset=\"https:\/\/www.oaxaca.gob.mx\/ageo\/wp-content\/uploads\/sites\/62\/2021\/02\/pub-210110-01-300x224.jpg 300w, https:\/\/www.oaxaca.gob.mx\/ageo\/wp-content\/uploads\/sites\/62\/2021\/02\/pub-210110-01-1024x766.jpg 1024w, https:\/\/www.oaxaca.gob.mx\/ageo\/wp-content\/uploads\/sites\/62\/2021\/02\/pub-210110-01-768x574.jpg 768w, https:\/\/www.oaxaca.gob.mx\/ageo\/wp-content\/uploads\/sites\/62\/2021\/02\/pub-210110-01-1536x1149.jpg 1536w, https:\/\/www.oaxaca.gob.mx\/ageo\/wp-content\/uploads\/sites\/62\/2021\/02\/pub-210110-01-2048x1532.jpg 2048w\" sizes=\"auto, (max-width: 600px) 100vw, 600px\" \/>[\/lightbox]\n<p style=\"text-align: center;font-size: 12px;margin-bottom: 2em\"><em>Personal del Area de Descripci\u00f3n.<\/em><\/p>\n<\/div>\n<p>Posteriormente fui asignada al \u00e1rea de descripci\u00f3n donde trabajamos el Fondo de Instrucci\u00f3n P\u00fablica (1826 -1916) definidas tres acciones: T\u00e9cnica y Administrativa, Instrucci\u00f3n de los Distritos, Escuelas y Colegios. Mi labor era hacer una lectura de comprensi\u00f3n y s\u00edntesis de cada expediente y vaciar la informaci\u00f3n en una c\u00e9dula de registro; diez personas integr\u00e1bamos el equipo de trabajo bajo la coordinaci\u00f3n de Arq. Antol\u00edn L\u00f3pez Ayala.<\/p>\n<p>En la Administraci\u00f3n del Lic. Gabino Cu\u00e9 Monteagudo, el Archivo se convierte en Direcci\u00f3n y su titular el C.P. Carlo Magno Ochoa. En el \u00e1rea de Concentraci\u00f3n de documentos se hizo el cambio de estanter\u00eda de madera (que se encontraba en muy mal estado) por estanter\u00eda met\u00e1lica, todo el personal del Archivo trabaj\u00f3 para esto. Tambi\u00e9n se hizo cambio de mobiliario, escritorios, sillas y arreglo de varias \u00e1reas, d\u00e1ndole otro aspecto al Archivo.<\/p>\n<div style=\"text-align: center\">\n[lightbox type=\u00bbimage\u00bb src=\u00bbhttps:\/\/www.oaxaca.gob.mx\/ageo\/wp-content\/uploads\/sites\/62\/2021\/02\/pub-210110-02.jpg\u00bb class=\u00bbtext_align: center\u00bb]<img loading=\"lazy\" decoding=\"async\" class=\"alignnone wp-image-7063\" src=\"https:\/\/www.oaxaca.gob.mx\/ageo\/wp-content\/uploads\/sites\/62\/2021\/02\/pub-210110-02-300x224.jpg\" alt=\"\" width=\"600\" height=\"449\" srcset=\"https:\/\/www.oaxaca.gob.mx\/ageo\/wp-content\/uploads\/sites\/62\/2021\/02\/pub-210110-02-300x224.jpg 300w, https:\/\/www.oaxaca.gob.mx\/ageo\/wp-content\/uploads\/sites\/62\/2021\/02\/pub-210110-02-1024x766.jpg 1024w, https:\/\/www.oaxaca.gob.mx\/ageo\/wp-content\/uploads\/sites\/62\/2021\/02\/pub-210110-02-768x574.jpg 768w, https:\/\/www.oaxaca.gob.mx\/ageo\/wp-content\/uploads\/sites\/62\/2021\/02\/pub-210110-02-1536x1149.jpg 1536w, https:\/\/www.oaxaca.gob.mx\/ageo\/wp-content\/uploads\/sites\/62\/2021\/02\/pub-210110-02-2048x1532.jpg 2048w\" sizes=\"auto, (max-width: 600px) 100vw, 600px\" \/>[\/lightbox]\n<p style=\"text-align: center;font-size: 12px;margin-bottom: 2em\"><em>\u00c1rea de descripci\u00f3n. Santos Degollado.<\/em><\/p>\n<\/div>\n<p>Me asignaron a la Biblioteca para hacer el inventario de los libros existentes y prestar servicio al p\u00fablico. La Jefa del Departamento era la Maestra Stella Camargo. Los usuarios eran investigadores nacionales y extranjeros, estudiantes y p\u00fablico en general. Los investigadores hac\u00edan trabajos de tesis o doctorado, consultaban grupos documentales, material de hemeroteca y biblioteca. Los libros m\u00e1s consultados eran: Una colecci\u00f3n de Leyes y decretos (1825- 1905); Cuadros sin\u00f3pticos de Manuel Gracida, complemento de una Memoria Administrativa de 1883; Memorias Administrativas (1827- 1911) algunas en original y otras copias; Informes de Gobierno de 1915 hasta el Primer Informe de Alejandro Murat y Divisiones Territoriales (1825 \u2013 2006). La biblioteca recib\u00eda donaciones de particulares, instituciones y de investigadores que una vez concluido su trabajo donaban un ejemplar del mismo.<\/p>\n<div style=\"text-align: center\">\n[lightbox type=\u00bbimage\u00bb src=\u00bbhttps:\/\/www.oaxaca.gob.mx\/ageo\/wp-content\/uploads\/sites\/62\/2021\/02\/pub-210110-03.jpg\u00bb class=\u00bbtext_align: center\u00bb]<img loading=\"lazy\" decoding=\"async\" class=\"alignnone wp-image-7062\" src=\"https:\/\/www.oaxaca.gob.mx\/ageo\/wp-content\/uploads\/sites\/62\/2021\/02\/pub-210110-03-300x224.jpg\" alt=\"\" width=\"600\" height=\"449\" srcset=\"https:\/\/www.oaxaca.gob.mx\/ageo\/wp-content\/uploads\/sites\/62\/2021\/02\/pub-210110-03-300x224.jpg 300w, https:\/\/www.oaxaca.gob.mx\/ageo\/wp-content\/uploads\/sites\/62\/2021\/02\/pub-210110-03-1024x766.jpg 1024w, https:\/\/www.oaxaca.gob.mx\/ageo\/wp-content\/uploads\/sites\/62\/2021\/02\/pub-210110-03-768x574.jpg 768w, https:\/\/www.oaxaca.gob.mx\/ageo\/wp-content\/uploads\/sites\/62\/2021\/02\/pub-210110-03-1536x1149.jpg 1536w, https:\/\/www.oaxaca.gob.mx\/ageo\/wp-content\/uploads\/sites\/62\/2021\/02\/pub-210110-03-2048x1532.jpg 2048w\" sizes=\"auto, (max-width: 600px) 100vw, 600px\" \/>[\/lightbox]\n<p style=\"text-align: center;font-size: 12px;margin-bottom: 2em\"><em>Biblioteca. Santos Degollado.<\/em><\/p>\n<\/div>\n<p>En la Administraci\u00f3n del Maestro Alejandro Murat el Archivo se convierte en una Direcci\u00f3n General siendo el Titular el Lic. Emilio de Leo Blanco. Mi \u00e1rea pas\u00f3 a ser Departamento de Investigaci\u00f3n y Asesor\u00eda Archiv\u00edstica y como Jefe de la misma el Lic. Julio Le\u00f3n Z\u00e1rate.<br \/>\nSe hizo el traslado de grupos documentales, mapoteca, fototeca, Hemeroteca y Biblioteca al Archivo Hist\u00f3rico del AGEO, las instalaciones ubicadas en Santos Degollado cerraron el d\u00eda 31 de enero de 2020 y el personal fue reubicado en el edificio que hoy alberga al Archivo General del Estado de Oaxaca, en el Parque de las Canteras.<\/p>\n<p>Las vivencias en el Archivo representan una experiencia muy grata en mi vida, de trabajo laboral y convivencia con el personal.<\/p>\n","protected":false},"excerpt":{"rendered":"<p>SEMBLANZA PERSONAL EN EL ARCHIVO. Por Antonia Guillermina Arellanes Ram\u00edrez. Llegu\u00e9 al Archivo (entonces Archivo General del Poder Ejecutivo del Estado de Oaxaca) en septiembre de 2007, debido al cambio de instalaciones del INNOVACG, Instituci\u00f3n donde laboraba. En ese tiempo el Archivo era una Jefatura de Departamento siendo su titular el Lic. Guillermo Sivelli Escudero, [&hellip;]<\/p>\n","protected":false},"author":69,"featured_media":7063,"comment_status":"open","ping_status":"open","sticky":false,"template":"","format":"standard","meta":{"episode_type":"","audio_file":"","podmotor_file_id":"","podmotor_episode_id":"","cover_image":"","cover_image_id":"","duration":"","filesize":"","filesize_raw":"","date_recorded":"","explicit":"","block":"","itunes_episode_number":"","itunes_title":"","itunes_season_number":"","itunes_episode_type":"","footnotes":""},"categories":[9,11],"tags":[],"class_list":["post-7061","post","type-post","status-publish","format-standard","has-post-thumbnail","hentry","category-noticias","category-publicaciones"],"acf":[],"publishpress_future_action":{"enabled":false,"date":"2026-05-08 04:57:28","action":"change-status","newStatus":"draft","terms":[],"taxonomy":"category","extraData":[]},"publishpress_future_workflow_manual_trigger":{"enabledWorkflows":[]},"_links":{"self":[{"href":"https:\/\/www.oaxaca.gob.mx\/ageo\/wp-json\/wp\/v2\/posts\/7061","targetHints":{"allow":["GET"]}}],"collection":[{"href":"https:\/\/www.oaxaca.gob.mx\/ageo\/wp-json\/wp\/v2\/posts"}],"about":[{"href":"https:\/\/www.oaxaca.gob.mx\/ageo\/wp-json\/wp\/v2\/types\/post"}],"author":[{"embeddable":true,"href":"https:\/\/www.oaxaca.gob.mx\/ageo\/wp-json\/wp\/v2\/users\/69"}],"replies":[{"embeddable":true,"href":"https:\/\/www.oaxaca.gob.mx\/ageo\/wp-json\/wp\/v2\/comments?post=7061"}],"version-history":[{"count":2,"href":"https:\/\/www.oaxaca.gob.mx\/ageo\/wp-json\/wp\/v2\/posts\/7061\/revisions"}],"predecessor-version":[{"id":7075,"href":"https:\/\/www.oaxaca.gob.mx\/ageo\/wp-json\/wp\/v2\/posts\/7061\/revisions\/7075"}],"wp:featuredmedia":[{"embeddable":true,"href":"https:\/\/www.oaxaca.gob.mx\/ageo\/wp-json\/wp\/v2\/media\/7063"}],"wp:attachment":[{"href":"https:\/\/www.oaxaca.gob.mx\/ageo\/wp-json\/wp\/v2\/media?parent=7061"}],"wp:term":[{"taxonomy":"category","embeddable":true,"href":"https:\/\/www.oaxaca.gob.mx\/ageo\/wp-json\/wp\/v2\/categories?post=7061"},{"taxonomy":"post_tag","embeddable":true,"href":"https:\/\/www.oaxaca.gob.mx\/ageo\/wp-json\/wp\/v2\/tags?post=7061"}],"curies":[{"name":"wp","href":"https:\/\/api.w.org\/{rel}","templated":true}]}}