{"id":6834,"date":"2020-12-14T08:00:34","date_gmt":"2020-12-14T14:00:34","guid":{"rendered":"https:\/\/www.oaxaca.gob.mx\/ageo\/?p=6834"},"modified":"2020-12-14T09:24:43","modified_gmt":"2020-12-14T15:24:43","slug":"una-reflexion-sobre-los-archivos-y-la-equidad-de-genero","status":"publish","type":"post","link":"https:\/\/www.oaxaca.gob.mx\/ageo\/una-reflexion-sobre-los-archivos-y-la-equidad-de-genero\/","title":{"rendered":"Una reflexi\u00f3n sobre los archivos y la equidad de g\u00e9nero"},"content":{"rendered":"<h1 style=\"text-align: center\"><b><strong>UNA REFLEXI\u00d3N SOBRE LOS ARCHIVOS Y LA EQUIDAD DE G\u00c9NERO<\/strong><\/b><\/h1>\n<p style=\"text-align: right\">Por <b><strong>Mtra. Stella Camargo<\/strong><\/b>. (Enlace de G\u00e9nero del AGEO)<\/p>\n<p>De acuerdo con la encuesta intercensal del INEGI 2015, en el estado de Oaxaca viven: 2 079 211 mujeres y 1 888 678 hombres, es decir que la poblaci\u00f3n del Estado la integran un 52.4% mujeres y 47.6% hombres. Poco m\u00e1s de la mitad de la poblaci\u00f3n es femenina. \u00bfUna r\u00e1pida investigaci\u00f3n sobre la presencia de las mujeres en los archivos de Oaxaca arrojar\u00eda esa misma proporci\u00f3n? Sin duda un gran n\u00famero de datos interesantes saldr\u00edan, pero la realidad es otra. La existencia de fondos documentales pertenecientes a mujeres que se resguardan en los archivos p\u00fablicos y privados es \u00ednfima, a pesar de las estad\u00edsticas de los censos, las mujeres est\u00e1n casi siempre invisibilizadas.<\/p>\n<div style=\"text-align: center\">\n[lightbox type=\u00bbimage\u00bb src=\u00bbhttps:\/\/www.oaxaca.gob.mx\/ageo\/wp-content\/uploads\/sites\/62\/2020\/12\/pub-201213-01.jpg\u00bb class=\u00bbtext_align: center\u00bb]<img loading=\"lazy\" decoding=\"async\" class=\"alignnone wp-image-6835\" src=\"https:\/\/www.oaxaca.gob.mx\/ageo\/wp-content\/uploads\/sites\/62\/2020\/12\/pub-201213-01-300x216.jpg\" alt=\"\" width=\"700\" height=\"505\" srcset=\"https:\/\/www.oaxaca.gob.mx\/ageo\/wp-content\/uploads\/sites\/62\/2020\/12\/pub-201213-01-300x216.jpg 300w, https:\/\/www.oaxaca.gob.mx\/ageo\/wp-content\/uploads\/sites\/62\/2020\/12\/pub-201213-01-1024x738.jpg 1024w, https:\/\/www.oaxaca.gob.mx\/ageo\/wp-content\/uploads\/sites\/62\/2020\/12\/pub-201213-01-768x554.jpg 768w, https:\/\/www.oaxaca.gob.mx\/ageo\/wp-content\/uploads\/sites\/62\/2020\/12\/pub-201213-01-1536x1107.jpg 1536w, https:\/\/www.oaxaca.gob.mx\/ageo\/wp-content\/uploads\/sites\/62\/2020\/12\/pub-201213-01-2048x1476.jpg 2048w\" sizes=\"auto, (max-width: 700px) 100vw, 700px\" \/>[\/lightbox]\n<p style=\"text-align: center;font-size: 12px;margin-bottom: 2em\"><em>Organigrama del AGEO.<\/em><\/p>\n<\/div>\n<p>Los testimonios documentales masculinos y el patriarcado obligan a rastrear de manera indirecta la presencia de mujeres en los documentos del AGEO. Desde las postrimer\u00edas del siglo XIX, algunas mujeres empezaron a tener presencia en el Instituto de Ciencias y Artes que devino en la hoy Universidad Aut\u00f3noma Benito Ju\u00e1rez de Oaxaca y en este tipo de archivos, que se encuentran en el AGEO, hay evidencias de las contribuciones de algunas mujeres.<\/p>\n<p>Desde el punto de vista administrativo, es dif\u00edcil encontrar datos precisos sobre el personal femenino que ha colaborado en los archivos, debido a que no siempre se halla esta informaci\u00f3n disgregada y los organigramas no son de gran ayuda. Cuando se establece la plaza de archivero en el ejecutivo de Oaxaca, se pens\u00f3 siempre en una labor de hombres, no de mujeres. A lo anterior habr\u00eda que agregar que por largo tiempo ha habido la costumbre de mandar al archivo a personal que no encuentra cabida en otras \u00e1reas de gobierno, a manera de castigo para que se refundieran entre papeles viejos y polvorientos.<\/p>\n<div style=\"text-align: center\">\n[lightbox type=\u00bbimage\u00bb src=\u00bbhttps:\/\/www.oaxaca.gob.mx\/ageo\/wp-content\/uploads\/sites\/62\/2020\/12\/pub-201213-02.jpg\u00bb class=\u00bbtext_align: center\u00bb]<img loading=\"lazy\" decoding=\"async\" class=\"alignnone wp-image-6836\" src=\"https:\/\/www.oaxaca.gob.mx\/ageo\/wp-content\/uploads\/sites\/62\/2020\/12\/pub-201213-02-218x300.jpg\" alt=\"\" width=\"436\" height=\"600\" srcset=\"https:\/\/www.oaxaca.gob.mx\/ageo\/wp-content\/uploads\/sites\/62\/2020\/12\/pub-201213-02-218x300.jpg 218w, https:\/\/www.oaxaca.gob.mx\/ageo\/wp-content\/uploads\/sites\/62\/2020\/12\/pub-201213-02-745x1024.jpg 745w, https:\/\/www.oaxaca.gob.mx\/ageo\/wp-content\/uploads\/sites\/62\/2020\/12\/pub-201213-02-768x1056.jpg 768w, https:\/\/www.oaxaca.gob.mx\/ageo\/wp-content\/uploads\/sites\/62\/2020\/12\/pub-201213-02-1117x1536.jpg 1117w, https:\/\/www.oaxaca.gob.mx\/ageo\/wp-content\/uploads\/sites\/62\/2020\/12\/pub-201213-02-1490x2048.jpg 1490w, https:\/\/www.oaxaca.gob.mx\/ageo\/wp-content\/uploads\/sites\/62\/2020\/12\/pub-201213-02-scaled.jpg 1862w\" sizes=\"auto, (max-width: 436px) 100vw, 436px\" \/>[\/lightbox]\n<p style=\"text-align: center;font-size: 12px;margin-bottom: 2em\"><em>Nombramiento de Sara Matadamas como archivista de segunda, supernumeraria.<\/em><\/p>\n<\/div>\n<p>Todas esas razones, hacen dif\u00edcil realizar un an\u00e1lisis sobre la conformaci\u00f3n del personal en los archivos, desde una perspectiva de g\u00e9nero. \u00bfQu\u00e9 personal conformaba los archivos, cu\u00e1l era su educaci\u00f3n o formaci\u00f3n y cu\u00e1l era el tipo de plazas ocupadas? Ciertamente es una investigaci\u00f3n que est\u00e1 pendiente de realizar en nuestro archivo.<\/p>\n<p>Ahora bien, resulta un poco complicado desde esta perspectiva hablar de equidad de g\u00e9nero al interior de las labores en los archivos, desde el punto de vista de la administraci\u00f3n de los recursos humanos, no obstante, hay informes de los \u00faltimos a\u00f1os que establecen de manera clara que existe una mayor presencia femenina en el personal, en otras palabras, la labor en los archivos en los \u00faltimos a\u00f1os est\u00e1 altamente feminizada.<\/p>\n<p>Entre 2015 y 2016 logr\u00e9 reunir la siguiente informaci\u00f3n, apoy\u00e1ndome en conversaciones con compa\u00f1eros del archivo del poder ejecutivo que ten\u00edan m\u00e1s de 30 a\u00f1os laborando ah\u00ed y mediante algunas b\u00fasquedas en los fondos existentes: Entre los encargados no es sino hasta enero de 1955 que aparece una mujer: Sara Matadamas, como archivista de segunda, supernumeraria laborando en la secci\u00f3n de archivo y correspondencia. A partir de ah\u00ed no se encuentra ning\u00fan otro registro sino hasta 1979 con Rosamar\u00eda Topete. En las Jefaturas de Departamento de los 80 y 90 solo se localizaron datos de dos mujeres: Mar\u00eda Victoria Ram\u00edrez L\u00f3pez y Eva Le\u00f3n Vicente y durante la jefatura de esta \u00faltima estuvieron Rosalba Montiel y Er\u00e9ndira S\u00e1nchez como jefas de oficina. En a\u00f1os recientes a cargo de una direcci\u00f3n de \u00e1rea, tenemos a Alma Ghandi Jim\u00e9nez, directora de clasificaci\u00f3n de archivos.<\/p>\n<div style=\"text-align: center\">\n[lightbox type=\u00bbimage\u00bb src=\u00bbhttps:\/\/www.oaxaca.gob.mx\/ageo\/wp-content\/uploads\/sites\/62\/2020\/12\/pub-201213-03.jpg\u00bb class=\u00bbtext_align: center\u00bb]<img loading=\"lazy\" decoding=\"async\" class=\"alignnone wp-image-6837\" src=\"https:\/\/www.oaxaca.gob.mx\/ageo\/wp-content\/uploads\/sites\/62\/2020\/12\/pub-201213-03-217x300.jpg\" alt=\"\" width=\"435\" height=\"600\" srcset=\"https:\/\/www.oaxaca.gob.mx\/ageo\/wp-content\/uploads\/sites\/62\/2020\/12\/pub-201213-03-217x300.jpg 217w, https:\/\/www.oaxaca.gob.mx\/ageo\/wp-content\/uploads\/sites\/62\/2020\/12\/pub-201213-03-741x1024.jpg 741w, https:\/\/www.oaxaca.gob.mx\/ageo\/wp-content\/uploads\/sites\/62\/2020\/12\/pub-201213-03-768x1061.jpg 768w, https:\/\/www.oaxaca.gob.mx\/ageo\/wp-content\/uploads\/sites\/62\/2020\/12\/pub-201213-03-1112x1536.jpg 1112w, https:\/\/www.oaxaca.gob.mx\/ageo\/wp-content\/uploads\/sites\/62\/2020\/12\/pub-201213-03-1483x2048.jpg 1483w, https:\/\/www.oaxaca.gob.mx\/ageo\/wp-content\/uploads\/sites\/62\/2020\/12\/pub-201213-03-scaled.jpg 1854w\" sizes=\"auto, (max-width: 435px) 100vw, 435px\" \/>[\/lightbox]\n<p style=\"text-align: center;font-size: 12px;margin-bottom: 2em\"><em>Nombramiento de Mar\u00eda Victoria Ram\u00edrez L\u00f3pez.<\/em><\/p>\n<\/div>\n<p>En cuanto a la participaci\u00f3n actual de las mujeres, la Administraci\u00f3n P\u00fablica Estatal al amparo de la ley est\u00e1 empe\u00f1ada en promover e instaurar una cultura laboral con enfoque de g\u00e9nero, desde la perspectiva de igualdad entre mujeres y hombres como una pol\u00edtica p\u00fablica, incluyendo la detecci\u00f3n y eliminaci\u00f3n de la violencia en contra de las mujeres, y su prevenci\u00f3n, desde las instituciones. Es as\u00ed como en el organigrama 2020 del AGEO se ve que de los 13 cargos de mandos medios y superiores 7 son ocupados por mujeres y 6 por hombres, haciendo evidente este cambio, incluido el que haya una funcionaria que funja como enlace de g\u00e9nero al interior del Archivo y que coadyuve a los esfuerzos que se impulsan desde la Secretar\u00eda de las Mujeres de Oaxaca. (V\u00e9ase el organigrama del AGEO en la actualidad). Aunque falta mucho camino por recorrer en este tema, el AGEO puede mostrar sus resultados en equidad de g\u00e9nero desde el punto de vista administrativo.<\/p>\n","protected":false},"excerpt":{"rendered":"<p>UNA REFLEXI\u00d3N SOBRE LOS ARCHIVOS Y LA EQUIDAD DE G\u00c9NERO Por Mtra. Stella Camargo. (Enlace de G\u00e9nero del AGEO) De acuerdo con la encuesta intercensal del INEGI 2015, en el estado de Oaxaca viven: 2 079 211 mujeres y 1 888 678 hombres, es decir que la poblaci\u00f3n del Estado la integran un 52.4% mujeres [&hellip;]<\/p>\n","protected":false},"author":69,"featured_media":6835,"comment_status":"open","ping_status":"open","sticky":false,"template":"","format":"standard","meta":{"episode_type":"","audio_file":"","podmotor_file_id":"","podmotor_episode_id":"","cover_image":"","cover_image_id":"","duration":"","filesize":"","filesize_raw":"","date_recorded":"","explicit":"","block":"","itunes_episode_number":"","itunes_title":"","itunes_season_number":"","itunes_episode_type":"","footnotes":""},"categories":[9,11],"tags":[],"class_list":["post-6834","post","type-post","status-publish","format-standard","has-post-thumbnail","hentry","category-noticias","category-publicaciones"],"acf":[],"publishpress_future_action":{"enabled":false,"date":"2026-05-10 06:16:51","action":"change-status","newStatus":"draft","terms":[],"taxonomy":"category","extraData":[]},"publishpress_future_workflow_manual_trigger":{"enabledWorkflows":[]},"_links":{"self":[{"href":"https:\/\/www.oaxaca.gob.mx\/ageo\/wp-json\/wp\/v2\/posts\/6834","targetHints":{"allow":["GET"]}}],"collection":[{"href":"https:\/\/www.oaxaca.gob.mx\/ageo\/wp-json\/wp\/v2\/posts"}],"about":[{"href":"https:\/\/www.oaxaca.gob.mx\/ageo\/wp-json\/wp\/v2\/types\/post"}],"author":[{"embeddable":true,"href":"https:\/\/www.oaxaca.gob.mx\/ageo\/wp-json\/wp\/v2\/users\/69"}],"replies":[{"embeddable":true,"href":"https:\/\/www.oaxaca.gob.mx\/ageo\/wp-json\/wp\/v2\/comments?post=6834"}],"version-history":[{"count":2,"href":"https:\/\/www.oaxaca.gob.mx\/ageo\/wp-json\/wp\/v2\/posts\/6834\/revisions"}],"predecessor-version":[{"id":6874,"href":"https:\/\/www.oaxaca.gob.mx\/ageo\/wp-json\/wp\/v2\/posts\/6834\/revisions\/6874"}],"wp:featuredmedia":[{"embeddable":true,"href":"https:\/\/www.oaxaca.gob.mx\/ageo\/wp-json\/wp\/v2\/media\/6835"}],"wp:attachment":[{"href":"https:\/\/www.oaxaca.gob.mx\/ageo\/wp-json\/wp\/v2\/media?parent=6834"}],"wp:term":[{"taxonomy":"category","embeddable":true,"href":"https:\/\/www.oaxaca.gob.mx\/ageo\/wp-json\/wp\/v2\/categories?post=6834"},{"taxonomy":"post_tag","embeddable":true,"href":"https:\/\/www.oaxaca.gob.mx\/ageo\/wp-json\/wp\/v2\/tags?post=6834"}],"curies":[{"name":"wp","href":"https:\/\/api.w.org\/{rel}","templated":true}]}}