{"id":6829,"date":"2020-10-18T09:07:14","date_gmt":"2020-10-18T14:07:14","guid":{"rendered":"https:\/\/www.oaxaca.gob.mx\/ageo\/?p=6829"},"modified":"2020-12-14T01:19:03","modified_gmt":"2020-12-14T07:19:03","slug":"santa-maria-ixcotel","status":"publish","type":"post","link":"https:\/\/www.oaxaca.gob.mx\/ageo\/santa-maria-ixcotel\/","title":{"rendered":"Santa Maria Ixcotel"},"content":{"rendered":"<h1 style=\"text-align: center\"><b><strong>SANTA MARIA IXCOTEL<\/strong><\/b><\/h1>\n<p style=\"text-align: right\">Por <b><strong>Mar\u00eda Magdalena Heredia Espitia<\/strong><\/b>.<\/p>\n<p>Santa Mar\u00eda Ixcotel es una agencia municipal, perteneciente a Santa Luc\u00eda del Camino de la ciudad de Oaxaca. De la fundaci\u00f3n de este pueblo se sabe muy poco, no existen muchos registros publicados que hagan referencia a esta comunidad, la informaci\u00f3n que se obtiene es en su mayor\u00eda sobre la extracci\u00f3n de cantera verde, ya que en sus terrenos se encuentra una extensi\u00f3n de esta piedra, que fue explotada durante a\u00f1os.<\/p>\n<p>Al quedar esta actividad obsoleta, se construy\u00f3 el parque llamado \u201cCiudad de las Canteras\u201d, donde se adaptaron escenarios naturales para actividades culturales, recreativas y familiares. En este espacio se encuentra el Archivo General del Estado de Oaxaca.<\/p>\n<p>Para efectos de esta investigaci\u00f3n se desarroll\u00f3 una b\u00fasqueda en los documentos que se encuentran albergados en el AGEO, localizando un expediente del fondo Gobierno del a\u00f1o 1946, que contiene una transcripci\u00f3n del t\u00edtulo primordial que ampara la fundaci\u00f3n legal de este pueblo. Este documento est\u00e1 fechado en 1753, se describe que en ese a\u00f1o el pueblo se conformaba por 45 familias, mismas que no ten\u00edan un lugar para sembrar y de esta manera poder pagar el tributo al Rey de Espa\u00f1a, ya que, debido a esta situaci\u00f3n se encontraban en extrema pobreza, a pesar de su situaci\u00f3n, las familias pagaban misa cada ocho d\u00edas, misma que se celebraba en la iglesia de Ixcotel.<\/p>\n<div style=\"text-align: center\">\n[lightbox type=\u00bbimage\u00bb src=\u00bbhttps:\/\/www.oaxaca.gob.mx\/ageo\/wp-content\/uploads\/sites\/62\/2020\/12\/1-Iglesia-de-Ixcotel-01.jpg\u00bb class=\u00bbtext_align: center\u00bb]<img loading=\"lazy\" decoding=\"async\" class=\"alignnone wp-image-6830\" src=\"https:\/\/www.oaxaca.gob.mx\/ageo\/wp-content\/uploads\/sites\/62\/2020\/12\/1-Iglesia-de-Ixcotel-01-300x226.jpg\" alt=\"\" width=\"600\" height=\"451\" srcset=\"https:\/\/www.oaxaca.gob.mx\/ageo\/wp-content\/uploads\/sites\/62\/2020\/12\/1-Iglesia-de-Ixcotel-01-300x226.jpg 300w, https:\/\/www.oaxaca.gob.mx\/ageo\/wp-content\/uploads\/sites\/62\/2020\/12\/1-Iglesia-de-Ixcotel-01-1024x770.jpg 1024w, https:\/\/www.oaxaca.gob.mx\/ageo\/wp-content\/uploads\/sites\/62\/2020\/12\/1-Iglesia-de-Ixcotel-01-768x578.jpg 768w, https:\/\/www.oaxaca.gob.mx\/ageo\/wp-content\/uploads\/sites\/62\/2020\/12\/1-Iglesia-de-Ixcotel-01-1536x1155.jpg 1536w, https:\/\/www.oaxaca.gob.mx\/ageo\/wp-content\/uploads\/sites\/62\/2020\/12\/1-Iglesia-de-Ixcotel-01-2048x1540.jpg 2048w\" sizes=\"auto, (max-width: 600px) 100vw, 600px\" \/>[\/lightbox]\n<p style=\"text-align: center;font-size: 12px;margin-bottom: 2em\"><em>Iglesia de Ixcotel.<\/em><\/p>\n<\/div>\n<p>Bas\u00e1ndose en esos argumentos el Rey Fernando VI, ordena que se le dote al pueblo 600 varas de tierra. Pero es hasta el a\u00f1o de 1774, cuando se hace efectiva la dotaci\u00f3n de tierras, es Don Bernardino Antonio de Pardi\u00f1as Villar de Francos quien expide una carta en la que se ordena se midan las 600 varas de tierra a Ixcotel y que se deben medir a partir de la iglesia del pueblo \u201c[\u2026] y que sean fruct\u00edferas de pan [\u2026] y si alguno de los vientos no lo fueren de las reintegr\u00e1is por el que lo sea, sin despojar a ninguno de los circunvecinos\u201d. Esto sucede despu\u00e9s de llevar a testigos que confirman que hay iglesia en el pueblo, que se gobiernan con un alcalde, regidores, escribanos que se eligen cada a\u00f1o.<\/p>\n<p>Ixcotel se rige por usos y costumbres, la poblaci\u00f3n es sumamente religiosa as\u00ed que, bajo la coordinaci\u00f3n de las autoridades de la agencia municipal y el sacerdote de la iglesia, el pueblo celebra a\u00f1o con a\u00f1o a la Virgen del Rosario, patrona del templo de Ixcotel. La fiesta de la Virgen del Rosario se celebra en el mes de octubre y sin duda es la fiesta m\u00e1s grande del pueblo, en la calenda y quema del castillo todo el pueblo se re\u00fane para cenar o comer en el atrio de la iglesia.<\/p>\n<p>Es importante conocer los antecedentes del pueblo, desde su fundaci\u00f3n y todas las dificultades que atraves\u00f3 para ser lo que es hoy. Por ejemplo: las luchas de los pobladores para que se respetara su derecho a tener tierras en las cuales cultivar para sostenerse y tambi\u00e9n para pagar el tributo a las autoridades. Su lucha despu\u00e9s por que se les reconociera como un pueblo independiente al barrio de Jalatlaco, la Hacienda de Dolores y la Hacienda de San Luis Beltr\u00e1n. La b\u00fasqueda de apoyo del gobierno para que se les pagara la expropiaci\u00f3n de sus tierras, despu\u00e9s la lucha por conseguir agua como consta en el expediente de fondo Gobierno del a\u00f1o de 1923\u201d [\u2026] encontr\u00e1ndose nuestros terrenos que fuimos dotados sin poseer agua, suplicamos [\u2026] ser agraciados con los derrames del agua que sale de la tuber\u00eda del rastro de esta ciudad\u201d.<\/p>\n<div style=\"text-align: center\">\n[lightbox type=\u00bbimage\u00bb src=\u00bbhttps:\/\/www.oaxaca.gob.mx\/ageo\/wp-content\/uploads\/sites\/62\/2020\/12\/2-Sala-de-consulta-02.jpg\u00bb class=\u00bbtext_align: center\u00bb]<img loading=\"lazy\" decoding=\"async\" class=\"alignnone wp-image-6831\" src=\"https:\/\/www.oaxaca.gob.mx\/ageo\/wp-content\/uploads\/sites\/62\/2020\/12\/2-Sala-de-consulta-02-200x300.jpg\" alt=\"\" width=\"400\" height=\"600\" srcset=\"https:\/\/www.oaxaca.gob.mx\/ageo\/wp-content\/uploads\/sites\/62\/2020\/12\/2-Sala-de-consulta-02-200x300.jpg 200w, https:\/\/www.oaxaca.gob.mx\/ageo\/wp-content\/uploads\/sites\/62\/2020\/12\/2-Sala-de-consulta-02-682x1024.jpg 682w, https:\/\/www.oaxaca.gob.mx\/ageo\/wp-content\/uploads\/sites\/62\/2020\/12\/2-Sala-de-consulta-02-768x1153.jpg 768w, https:\/\/www.oaxaca.gob.mx\/ageo\/wp-content\/uploads\/sites\/62\/2020\/12\/2-Sala-de-consulta-02-1023x1536.jpg 1023w, https:\/\/www.oaxaca.gob.mx\/ageo\/wp-content\/uploads\/sites\/62\/2020\/12\/2-Sala-de-consulta-02-1364x2048.jpg 1364w, https:\/\/www.oaxaca.gob.mx\/ageo\/wp-content\/uploads\/sites\/62\/2020\/12\/2-Sala-de-consulta-02-scaled.jpg 1705w\" sizes=\"auto, (max-width: 400px) 100vw, 400px\" \/>[\/lightbox]\n<p style=\"text-align: center;font-size: 12px;margin-bottom: 2em\"><em>Sala de consulta del AGEO.<\/em><\/p>\n<\/div>\n<p>Con estos antecedentes se puede considerar que los nativos de este pueblo luchan por conservar su costumbre, esa que les heredaron sus padres y sus abuelos, la creencia en la religi\u00f3n cat\u00f3lica, su inquebrantable deseo por celebrar las misas, as\u00ed como la vehemencia con que festejan a la Virgen del Rosario; pues esta pr\u00e1ctica fue de peso para que en el siglo XVIII se le diera la tierra y el reconocimiento como pueblo.<\/p>\n<p>Aunque la mancha urbana ha consumido lo que pudiera ser el pueblo, pero esto es s\u00f3lo en apariencia. Llama la atenci\u00f3n que hay buena parte del colectivo social que les gusta pensar y sentirse parte de un pueblo, mostrando el esp\u00edritu de un pueblo que vibra con sus tradiciones. Sin embargo debido a la contingencia sanitaria que se vive actualmente, este a\u00f1o no fue posible realizar la fiesta del pueblo, pero desde las casas de los mayordomos y pobladores, se celebran los rezos por la Virgen del Rosario y por Ixcotel.<\/p>\n","protected":false},"excerpt":{"rendered":"<p>SANTA MARIA IXCOTEL Por Mar\u00eda Magdalena Heredia Espitia. Santa Mar\u00eda Ixcotel es una agencia municipal, perteneciente a Santa Luc\u00eda del Camino de la ciudad de Oaxaca. De la fundaci\u00f3n de este pueblo se sabe muy poco, no existen muchos registros publicados que hagan referencia a esta comunidad, la informaci\u00f3n que se obtiene es en su [&hellip;]<\/p>\n","protected":false},"author":69,"featured_media":6830,"comment_status":"open","ping_status":"open","sticky":false,"template":"","format":"standard","meta":{"episode_type":"","audio_file":"","podmotor_file_id":"","podmotor_episode_id":"","cover_image":"","cover_image_id":"","duration":"","filesize":"","filesize_raw":"","date_recorded":"","explicit":"","block":"","itunes_episode_number":"","itunes_title":"","itunes_season_number":"","itunes_episode_type":"","footnotes":""},"categories":[9,11],"tags":[],"class_list":["post-6829","post","type-post","status-publish","format-standard","has-post-thumbnail","hentry","category-noticias","category-publicaciones"],"acf":[],"publishpress_future_action":{"enabled":false,"date":"2026-05-08 04:30:49","action":"change-status","newStatus":"draft","terms":[],"taxonomy":"category","extraData":[]},"publishpress_future_workflow_manual_trigger":{"enabledWorkflows":[]},"_links":{"self":[{"href":"https:\/\/www.oaxaca.gob.mx\/ageo\/wp-json\/wp\/v2\/posts\/6829","targetHints":{"allow":["GET"]}}],"collection":[{"href":"https:\/\/www.oaxaca.gob.mx\/ageo\/wp-json\/wp\/v2\/posts"}],"about":[{"href":"https:\/\/www.oaxaca.gob.mx\/ageo\/wp-json\/wp\/v2\/types\/post"}],"author":[{"embeddable":true,"href":"https:\/\/www.oaxaca.gob.mx\/ageo\/wp-json\/wp\/v2\/users\/69"}],"replies":[{"embeddable":true,"href":"https:\/\/www.oaxaca.gob.mx\/ageo\/wp-json\/wp\/v2\/comments?post=6829"}],"version-history":[{"count":2,"href":"https:\/\/www.oaxaca.gob.mx\/ageo\/wp-json\/wp\/v2\/posts\/6829\/revisions"}],"predecessor-version":[{"id":6833,"href":"https:\/\/www.oaxaca.gob.mx\/ageo\/wp-json\/wp\/v2\/posts\/6829\/revisions\/6833"}],"wp:featuredmedia":[{"embeddable":true,"href":"https:\/\/www.oaxaca.gob.mx\/ageo\/wp-json\/wp\/v2\/media\/6830"}],"wp:attachment":[{"href":"https:\/\/www.oaxaca.gob.mx\/ageo\/wp-json\/wp\/v2\/media?parent=6829"}],"wp:term":[{"taxonomy":"category","embeddable":true,"href":"https:\/\/www.oaxaca.gob.mx\/ageo\/wp-json\/wp\/v2\/categories?post=6829"},{"taxonomy":"post_tag","embeddable":true,"href":"https:\/\/www.oaxaca.gob.mx\/ageo\/wp-json\/wp\/v2\/tags?post=6829"}],"curies":[{"name":"wp","href":"https:\/\/api.w.org\/{rel}","templated":true}]}}