{"id":6777,"date":"2020-08-16T11:18:24","date_gmt":"2020-08-16T16:18:24","guid":{"rendered":"https:\/\/www.oaxaca.gob.mx\/ageo\/?p=6777"},"modified":"2020-12-11T12:45:33","modified_gmt":"2020-12-11T18:45:33","slug":"cuando-nos-volvamos-a-ver","status":"publish","type":"post","link":"https:\/\/www.oaxaca.gob.mx\/ageo\/cuando-nos-volvamos-a-ver\/","title":{"rendered":"Cuando nos volvamos a ver\u2026."},"content":{"rendered":"<h3 style=\"text-align: center\">ARCHIVO GENERAL DEL ESTADO DE OAXACA<\/h3>\n<h1 style=\"text-align: center\"><b><strong>Cuando nos volvamos a ver\u2026.<\/strong><\/b><\/h1>\n<p style=\"text-align: right\">Por <b><strong>Ver\u00f3nica Allier Garc\u00eda<\/strong><\/b>.<\/p>\n<p>Cuando entras por primera vez al Archivo General del Estado de Oaxaca, no puedes m\u00e1s que sorprenderte: la imponente arquitectura te deja sin aliento, est\u00e1s ante un edificio de grandes dimensiones, altos muros que parecieran impenetrables y que custodian como los fuertes de anta\u00f1o, la memoria documental hist\u00f3rica de nuestro estado.<\/p>\n<div style=\"text-align: center\">\n[lightbox type=\u00bbimage\u00bb src=\u00bbhttps:\/\/www.oaxaca.gob.mx\/ageo\/wp-content\/uploads\/sites\/62\/2020\/12\/pub-200816-01.jpg\u00bb class=\u00bbtext_align: center\u00bb]<img loading=\"lazy\" decoding=\"async\" class=\"alignnone wp-image-6778\" src=\"https:\/\/www.oaxaca.gob.mx\/ageo\/wp-content\/uploads\/sites\/62\/2020\/12\/pub-200816-01-300x224.jpg\" alt=\"\" width=\"450\" height=\"335\" srcset=\"https:\/\/www.oaxaca.gob.mx\/ageo\/wp-content\/uploads\/sites\/62\/2020\/12\/pub-200816-01-300x224.jpg 300w, https:\/\/www.oaxaca.gob.mx\/ageo\/wp-content\/uploads\/sites\/62\/2020\/12\/pub-200816-01-1024x763.jpg 1024w, https:\/\/www.oaxaca.gob.mx\/ageo\/wp-content\/uploads\/sites\/62\/2020\/12\/pub-200816-01-768x572.jpg 768w, https:\/\/www.oaxaca.gob.mx\/ageo\/wp-content\/uploads\/sites\/62\/2020\/12\/pub-200816-01-1536x1145.jpg 1536w, https:\/\/www.oaxaca.gob.mx\/ageo\/wp-content\/uploads\/sites\/62\/2020\/12\/pub-200816-01-2048x1527.jpg 2048w\" sizes=\"auto, (max-width: 450px) 100vw, 450px\" \/>[\/lightbox]\n<p style=\"text-align: center;font-size: 12px;margin-bottom: 2em\"><em>Acceso principal<\/em><\/p>\n<\/div>\n<p>Sin embargo, m\u00e1s all\u00e1 del prop\u00f3sito para el que fue construido, est\u00e9ticamente es tambi\u00e9n un edificio con muchas cosas por descubrir, porque sin duda un aspecto que seduce a los visitantes, es la infinidad de posibilidades para realizar fotograf\u00edas art\u00edsticas en este espacio.<\/p>\n<p><b><strong>En el coraz\u00f3n del Parque Las Canteras<\/strong><\/b><\/p>\n<p>El AGEO se encuentra ubicado en el municipio de Santa Luc\u00eda del Camino, en el coraz\u00f3n del parque Las Canteras, lugar emblem\u00e1tico porque de ah\u00ed, se extrajo la piedra con que fueron constru\u00eddos muchos de los edificios hist\u00f3ricos de la Ciudad de Oaxaca. Cuenta con 11,815 metros cuadrados de construcci\u00f3n en un \u00e1rea de 13.5 hect\u00e1reas. La obra, dise\u00f1o del arquitecto espa\u00f1ol Ignacio Mendaro Corsini, fue realizada en concreto pigmentado, cuyo tono ocre est\u00e1 inspirado en el color de la tierra de la mixteca oaxaque\u00f1a y que evoca tambi\u00e9n a las construcciones tradicionales de adobe de nuestras comunidades rurales.<\/p>\n<p>Comencemos en el exterior, donde el edificio conecta con varios puntos, hacia el Bosque del deporte y hacia el parque Las Canteras. La parte inferior del Puente Norte es un sitio poco visitado, quiz\u00e1 porque a simple vista no se nos antoje recorrer el sendero de terracer\u00eda que conduce hacia all\u00e1, o tal vez porque no imaginamos lo que podemos hallar ah\u00ed: una interesante perspectiva y poco vista del edificio.<\/p>\n<div style=\"text-align: center\">\n[lightbox type=\u00bbimage\u00bb src=\u00bbhttps:\/\/www.oaxaca.gob.mx\/ageo\/wp-content\/uploads\/sites\/62\/2020\/12\/pub-200816-02.jpg\u00bb class=\u00bbtext_align: center\u00bb]<img loading=\"lazy\" decoding=\"async\" class=\"wp-image-6779 aligncenter\" src=\"https:\/\/www.oaxaca.gob.mx\/ageo\/wp-content\/uploads\/sites\/62\/2020\/12\/pub-200816-02-300x224.jpg\" alt=\"\" width=\"450\" height=\"335\" srcset=\"https:\/\/www.oaxaca.gob.mx\/ageo\/wp-content\/uploads\/sites\/62\/2020\/12\/pub-200816-02-300x224.jpg 300w, https:\/\/www.oaxaca.gob.mx\/ageo\/wp-content\/uploads\/sites\/62\/2020\/12\/pub-200816-02-1024x763.jpg 1024w, https:\/\/www.oaxaca.gob.mx\/ageo\/wp-content\/uploads\/sites\/62\/2020\/12\/pub-200816-02-768x572.jpg 768w, https:\/\/www.oaxaca.gob.mx\/ageo\/wp-content\/uploads\/sites\/62\/2020\/12\/pub-200816-02-1536x1145.jpg 1536w, https:\/\/www.oaxaca.gob.mx\/ageo\/wp-content\/uploads\/sites\/62\/2020\/12\/pub-200816-02-2048x1527.jpg 2048w\" sizes=\"auto, (max-width: 450px) 100vw, 450px\" \/>[\/lightbox]\n<p style=\"text-align: center;font-size: 12px;margin-bottom: 2em\"><em>Vista bajo el Puente Norte<\/em><\/p>\n<\/div>\n<p><b><strong>Homenaje a la arquitectura monumental de M\u00e9xico<\/strong><\/b><\/p>\n<p>El edificio cuenta con dos accesos, el principal, nos depara una sorpresa: al entrar y cruzar la enorme puerta de hierro, es imposible no quedar maravillados con el vest\u00edbulo, el espacio m\u00e1s alto de todo el complejo donde los haces de luz matinal que iluminan las paredes, parecieran acariciar el fr\u00edo concreto, d\u00e1ndole un efecto tan c\u00e1lido que minimiza cualquier vestigio de dureza y nos da la bienvenida para seguir recorriendo el lugar.<\/p>\n<div style=\"text-align: center\">\n[lightbox type=\u00bbimage\u00bb src=\u00bbhttps:\/\/www.oaxaca.gob.mx\/ageo\/wp-content\/uploads\/sites\/62\/2020\/12\/pub-200816-03.jpg\u00bb class=\u00bbtext_align: center\u00bb]<img loading=\"lazy\" decoding=\"async\" class=\"alignnone wp-image-6780\" src=\"https:\/\/www.oaxaca.gob.mx\/ageo\/wp-content\/uploads\/sites\/62\/2020\/12\/pub-200816-03-300x224.jpg\" alt=\"\" width=\"450\" height=\"335\" srcset=\"https:\/\/www.oaxaca.gob.mx\/ageo\/wp-content\/uploads\/sites\/62\/2020\/12\/pub-200816-03-300x224.jpg 300w, https:\/\/www.oaxaca.gob.mx\/ageo\/wp-content\/uploads\/sites\/62\/2020\/12\/pub-200816-03-1024x763.jpg 1024w, https:\/\/www.oaxaca.gob.mx\/ageo\/wp-content\/uploads\/sites\/62\/2020\/12\/pub-200816-03-768x572.jpg 768w, https:\/\/www.oaxaca.gob.mx\/ageo\/wp-content\/uploads\/sites\/62\/2020\/12\/pub-200816-03-1536x1145.jpg 1536w, https:\/\/www.oaxaca.gob.mx\/ageo\/wp-content\/uploads\/sites\/62\/2020\/12\/pub-200816-03-2048x1527.jpg 2048w\" sizes=\"auto, (max-width: 450px) 100vw, 450px\" \/>[\/lightbox]\n<p style=\"text-align: center;font-size: 12px;margin-bottom: 2em\"><em>Vest\u00edbulo principal<\/em><\/p>\n<\/div>\n<p>Definitivamente la luz es un elemento fundamental en el dise\u00f1o, pero tambi\u00e9n los muros altos, los pasillos profundos y la est\u00e9tica de los patios, que hacen un homenaje a la arquitectura monumental mexicana.<\/p>\n<div style=\"text-align: center\">\n[lightbox type=\u00bbimage\u00bb src=\u00bbhttps:\/\/www.oaxaca.gob.mx\/ageo\/wp-content\/uploads\/sites\/62\/2020\/12\/pub-200816-04.jpg\u00bb class=\u00bbtext_align: center\u00bb]<img loading=\"lazy\" decoding=\"async\" class=\"alignnone wp-image-6781\" src=\"https:\/\/www.oaxaca.gob.mx\/ageo\/wp-content\/uploads\/sites\/62\/2020\/12\/pub-200816-04-300x233.jpg\" alt=\"\" width=\"450\" height=\"349\" srcset=\"https:\/\/www.oaxaca.gob.mx\/ageo\/wp-content\/uploads\/sites\/62\/2020\/12\/pub-200816-04-300x233.jpg 300w, https:\/\/www.oaxaca.gob.mx\/ageo\/wp-content\/uploads\/sites\/62\/2020\/12\/pub-200816-04-1024x795.jpg 1024w, https:\/\/www.oaxaca.gob.mx\/ageo\/wp-content\/uploads\/sites\/62\/2020\/12\/pub-200816-04-768x597.jpg 768w, https:\/\/www.oaxaca.gob.mx\/ageo\/wp-content\/uploads\/sites\/62\/2020\/12\/pub-200816-04-1536x1193.jpg 1536w, https:\/\/www.oaxaca.gob.mx\/ageo\/wp-content\/uploads\/sites\/62\/2020\/12\/pub-200816-04-2048x1591.jpg 2048w\" sizes=\"auto, (max-width: 450px) 100vw, 450px\" \/>[\/lightbox]\n<p style=\"text-align: center;font-size: 12px;margin-bottom: 2em\"><em>Patio de Repositorios<\/em><\/p>\n<\/div>\n<p>El Patio anexo a la Sala de Exposiciones, es un espacio para tomarse un respiro, descansar, admirar la grandeza de los contrafuertes, como si estuvi\u00e9ramos al pie de una antigua pir\u00e1mide prehisp\u00e1nica, o de las murallas que rodeaban las grandes ciudades, que nos resguardan, que nos protegen.<\/p>\n<div style=\"text-align: center\">\n[lightbox type=\u00bbimage\u00bb src=\u00bbhttps:\/\/www.oaxaca.gob.mx\/ageo\/wp-content\/uploads\/sites\/62\/2020\/12\/pub-200816-05.jpg\u00bb class=\u00bbtext_align: center\u00bb]<img loading=\"lazy\" decoding=\"async\" class=\"alignnone wp-image-6782\" src=\"https:\/\/www.oaxaca.gob.mx\/ageo\/wp-content\/uploads\/sites\/62\/2020\/12\/pub-200816-05-224x300.jpg\" alt=\"\" width=\"336\" height=\"450\" srcset=\"https:\/\/www.oaxaca.gob.mx\/ageo\/wp-content\/uploads\/sites\/62\/2020\/12\/pub-200816-05-224x300.jpg 224w, https:\/\/www.oaxaca.gob.mx\/ageo\/wp-content\/uploads\/sites\/62\/2020\/12\/pub-200816-05-764x1024.jpg 764w, https:\/\/www.oaxaca.gob.mx\/ageo\/wp-content\/uploads\/sites\/62\/2020\/12\/pub-200816-05-768x1030.jpg 768w, https:\/\/www.oaxaca.gob.mx\/ageo\/wp-content\/uploads\/sites\/62\/2020\/12\/pub-200816-05-1145x1536.jpg 1145w, https:\/\/www.oaxaca.gob.mx\/ageo\/wp-content\/uploads\/sites\/62\/2020\/12\/pub-200816-05-1527x2048.jpg 1527w, https:\/\/www.oaxaca.gob.mx\/ageo\/wp-content\/uploads\/sites\/62\/2020\/12\/pub-200816-05-scaled.jpg 1909w\" sizes=\"auto, (max-width: 336px) 100vw, 336px\" \/>[\/lightbox]\n<p style=\"text-align: center;font-size: 12px;margin-bottom: 2em\"><em>Patio de la Sala de Exposiciones<\/em><\/p>\n<\/div>\n<p>La naturaleza siempre est\u00e1 presente, adem\u00e1s de haber conservado muchos de los \u00e1rboles que ya exist\u00edan en el parque, podemos hallar diferentes tipos de plantas end\u00e9micas y aves que nos visitan posando en alg\u00fan recoveco del edificio, o anidando en los \u00e1rboles.<\/p>\n<div style=\"text-align: center\">\n[lightbox type=\u00bbimage\u00bb src=\u00bbhttps:\/\/www.oaxaca.gob.mx\/ageo\/wp-content\/uploads\/sites\/62\/2020\/12\/pub-200816-06.jpg\u00bb class=\u00bbtext_align: center\u00bb]<img loading=\"lazy\" decoding=\"async\" class=\"alignnone wp-image-6783\" src=\"https:\/\/www.oaxaca.gob.mx\/ageo\/wp-content\/uploads\/sites\/62\/2020\/12\/pub-200816-06-300x225.jpg\" alt=\"\" width=\"450\" height=\"337\" srcset=\"https:\/\/www.oaxaca.gob.mx\/ageo\/wp-content\/uploads\/sites\/62\/2020\/12\/pub-200816-06-300x225.jpg 300w, https:\/\/www.oaxaca.gob.mx\/ageo\/wp-content\/uploads\/sites\/62\/2020\/12\/pub-200816-06-1024x766.jpg 1024w, https:\/\/www.oaxaca.gob.mx\/ageo\/wp-content\/uploads\/sites\/62\/2020\/12\/pub-200816-06-768x575.jpg 768w, https:\/\/www.oaxaca.gob.mx\/ageo\/wp-content\/uploads\/sites\/62\/2020\/12\/pub-200816-06-1536x1149.jpg 1536w, https:\/\/www.oaxaca.gob.mx\/ageo\/wp-content\/uploads\/sites\/62\/2020\/12\/pub-200816-06-2048x1533.jpg 2048w\" sizes=\"auto, (max-width: 450px) 100vw, 450px\" \/>[\/lightbox]\n<p style=\"text-align: center;font-size: 12px;margin-bottom: 2em\"><em>La naturaleza siempre presente<\/em><\/p>\n<\/div>\n<p>Por ello la escala obligada es en el Patio del Pir\u00fa, donde un hermoso ejemplar sobreviviente a la construcci\u00f3n del inmueble, ha sido testigo de muchas historias en el parque y que a\u00fan siguen escribi\u00e9ndose bajo su sombra.<\/p>\n<div style=\"text-align: center\">\n[lightbox type=\u00bbimage\u00bb src=\u00bbhttps:\/\/www.oaxaca.gob.mx\/ageo\/wp-content\/uploads\/sites\/62\/2020\/12\/pub-200816-07.jpg\u00bb class=\u00bbtext_align: center\u00bb]<img loading=\"lazy\" decoding=\"async\" class=\"alignnone wp-image-6784\" src=\"https:\/\/www.oaxaca.gob.mx\/ageo\/wp-content\/uploads\/sites\/62\/2020\/12\/pub-200816-07-300x225.jpg\" alt=\"\" width=\"450\" height=\"337\" srcset=\"https:\/\/www.oaxaca.gob.mx\/ageo\/wp-content\/uploads\/sites\/62\/2020\/12\/pub-200816-07-300x225.jpg 300w, https:\/\/www.oaxaca.gob.mx\/ageo\/wp-content\/uploads\/sites\/62\/2020\/12\/pub-200816-07-1024x766.jpg 1024w, https:\/\/www.oaxaca.gob.mx\/ageo\/wp-content\/uploads\/sites\/62\/2020\/12\/pub-200816-07-768x575.jpg 768w, https:\/\/www.oaxaca.gob.mx\/ageo\/wp-content\/uploads\/sites\/62\/2020\/12\/pub-200816-07-1536x1149.jpg 1536w, https:\/\/www.oaxaca.gob.mx\/ageo\/wp-content\/uploads\/sites\/62\/2020\/12\/pub-200816-07-2048x1533.jpg 2048w\" sizes=\"auto, (max-width: 450px) 100vw, 450px\" \/>[\/lightbox]\n<p style=\"text-align: center;font-size: 12px;margin-bottom: 2em\"><em>Patio del Pir\u00fa<\/em><\/p>\n<\/div>\n<p>O bien, si lo que buscamos es un sitio tranquilo, que nos invite a la lectura o a la reflexi\u00f3n, la opci\u00f3n es el Patio de las Bibliotecas BS, donde las celos\u00edas creadas con el fin de ventilar y\/o dar privacidad a algunas \u00e1reas, enmarcan perfectamente elementos para realizar fotograf\u00edas de alg\u00fan detalle.<\/p>\n<div style=\"text-align: center\">\n[lightbox type=\u00bbimage\u00bb src=\u00bbhttps:\/\/www.oaxaca.gob.mx\/ageo\/wp-content\/uploads\/sites\/62\/2020\/12\/pub-200816-08.jpg\u00bb class=\u00bbtext_align: center\u00bb]<img loading=\"lazy\" decoding=\"async\" class=\"alignnone wp-image-6785\" src=\"https:\/\/www.oaxaca.gob.mx\/ageo\/wp-content\/uploads\/sites\/62\/2020\/12\/pub-200816-08-300x225.jpg\" alt=\"\" width=\"450\" height=\"337\" srcset=\"https:\/\/www.oaxaca.gob.mx\/ageo\/wp-content\/uploads\/sites\/62\/2020\/12\/pub-200816-08-300x225.jpg 300w, https:\/\/www.oaxaca.gob.mx\/ageo\/wp-content\/uploads\/sites\/62\/2020\/12\/pub-200816-08-1024x766.jpg 1024w, https:\/\/www.oaxaca.gob.mx\/ageo\/wp-content\/uploads\/sites\/62\/2020\/12\/pub-200816-08-768x575.jpg 768w, https:\/\/www.oaxaca.gob.mx\/ageo\/wp-content\/uploads\/sites\/62\/2020\/12\/pub-200816-08-1536x1149.jpg 1536w, https:\/\/www.oaxaca.gob.mx\/ageo\/wp-content\/uploads\/sites\/62\/2020\/12\/pub-200816-08-2048x1533.jpg 2048w\" sizes=\"auto, (max-width: 450px) 100vw, 450px\" \/>[\/lightbox]\n<p style=\"text-align: center;font-size: 12px;margin-bottom: 2em\"><em>Patio de las Bibliotecas BS<\/em><\/p>\n<\/div>\n<p><b><strong>Geometr\u00eda del espacio<\/strong><\/b><\/p>\n<p>En este edificio destacan, adem\u00e1s del dise\u00f1o de los espacios, una gran variedad de texturas y patrones geom\u00e9tricos que podemos hallar por todas partes, mezclando perfecta y armoniosamente el estilo arquitect\u00f3nico vanguardista con el conventual e industrial.<\/p>\n<div style=\"text-align: center\">\n[lightbox type=\u00bbimage\u00bb src=\u00bbhttps:\/\/www.oaxaca.gob.mx\/ageo\/wp-content\/uploads\/sites\/62\/2020\/12\/pub-200816-09.jpg\u00bb class=\u00bbtext_align: center\u00bb]<img loading=\"lazy\" decoding=\"async\" class=\"alignnone wp-image-6786\" src=\"https:\/\/www.oaxaca.gob.mx\/ageo\/wp-content\/uploads\/sites\/62\/2020\/12\/pub-200816-09-224x300.jpg\" alt=\"\" width=\"336\" height=\"450\" srcset=\"https:\/\/www.oaxaca.gob.mx\/ageo\/wp-content\/uploads\/sites\/62\/2020\/12\/pub-200816-09-224x300.jpg 224w, https:\/\/www.oaxaca.gob.mx\/ageo\/wp-content\/uploads\/sites\/62\/2020\/12\/pub-200816-09-764x1024.jpg 764w, https:\/\/www.oaxaca.gob.mx\/ageo\/wp-content\/uploads\/sites\/62\/2020\/12\/pub-200816-09-768x1030.jpg 768w, https:\/\/www.oaxaca.gob.mx\/ageo\/wp-content\/uploads\/sites\/62\/2020\/12\/pub-200816-09-1145x1536.jpg 1145w, https:\/\/www.oaxaca.gob.mx\/ageo\/wp-content\/uploads\/sites\/62\/2020\/12\/pub-200816-09-1527x2048.jpg 1527w, https:\/\/www.oaxaca.gob.mx\/ageo\/wp-content\/uploads\/sites\/62\/2020\/12\/pub-200816-09-scaled.jpg 1909w\" sizes=\"auto, (max-width: 336px) 100vw, 336px\" \/>[\/lightbox]\n<p style=\"text-align: center;font-size: 12px;margin-bottom: 2em\"><em>Geometr\u00eda del espacio, juegos de luz y sombra<\/em><\/p>\n<\/div>\n<p>Detalles de madera y herrer\u00eda, complementan la est\u00e9tica del edificio y algo que sin duda no podemos pasar por alto, es el dise\u00f1o org\u00e1nico de la delimitaci\u00f3n perimetral y una reja interior inspirada en la trama de los textiles oaxaque\u00f1os, ambos de la autor\u00eda del extinto maestro Francisco Toledo.<\/p>\n<div style=\"text-align: center\">\n[lightbox type=\u00bbimage\u00bb src=\u00bbhttps:\/\/www.oaxaca.gob.mx\/ageo\/wp-content\/uploads\/sites\/62\/2020\/12\/pub-200816-10.jpg\u00bb class=\u00bbtext_align: center\u00bb]<img loading=\"lazy\" decoding=\"async\" class=\"alignnone wp-image-6787\" src=\"https:\/\/www.oaxaca.gob.mx\/ageo\/wp-content\/uploads\/sites\/62\/2020\/12\/pub-200816-10-300x225.jpg\" alt=\"\" width=\"450\" height=\"337\" srcset=\"https:\/\/www.oaxaca.gob.mx\/ageo\/wp-content\/uploads\/sites\/62\/2020\/12\/pub-200816-10-300x225.jpg 300w, https:\/\/www.oaxaca.gob.mx\/ageo\/wp-content\/uploads\/sites\/62\/2020\/12\/pub-200816-10-1024x766.jpg 1024w, https:\/\/www.oaxaca.gob.mx\/ageo\/wp-content\/uploads\/sites\/62\/2020\/12\/pub-200816-10-768x575.jpg 768w, https:\/\/www.oaxaca.gob.mx\/ageo\/wp-content\/uploads\/sites\/62\/2020\/12\/pub-200816-10-1536x1149.jpg 1536w, https:\/\/www.oaxaca.gob.mx\/ageo\/wp-content\/uploads\/sites\/62\/2020\/12\/pub-200816-10-2048x1533.jpg 2048w\" sizes=\"auto, (max-width: 450px) 100vw, 450px\" \/>[\/lightbox]\n<p style=\"text-align: center;font-size: 12px;margin-bottom: 2em\"><em>Dise\u00f1o del Maestro Francisco Toledo en la barda perimetral<\/em><\/p>\n<\/div>\n<p><b><strong>Cuando nos volvamos a ver\u2026<\/strong><\/b><\/p>\n<p>Sin embargo, ahora todas estas maravillas est\u00e1n en espera, latentes y con ansia de ser visitadas, de sentir la presencia humana en sus rincones, en sus pasillos, en sus libros y documentos, porque finalmente, \u00bfqu\u00e9 es un sitio vac\u00edo sin ella? eso, solo muros y techos a las que les falta alma, que resguardan tesoros, s\u00ed, pero sin la posibilidad de que alguien los pueda ver, conocer las historias que encierran y mostrar al mundo que en Oaxaca contamos con una instituci\u00f3n que se preocupa por el rescate y la conservaci\u00f3n de nuestra memoria documental, para que en un ma\u00f1ana, esperemos no muy lejano, sigamos con nuestra labor de difundir parte de nuestra cultura, sumergirnos en nuestras ra\u00edces y en la obra de quienes forjaron nuestra historia e identidad.<\/p>\n","protected":false},"excerpt":{"rendered":"<p>ARCHIVO GENERAL DEL ESTADO DE OAXACA Cuando nos volvamos a ver\u2026. Por Ver\u00f3nica Allier Garc\u00eda. Cuando entras por primera vez al Archivo General del Estado de Oaxaca, no puedes m\u00e1s que sorprenderte: la imponente arquitectura te deja sin aliento, est\u00e1s ante un edificio de grandes dimensiones, altos muros que parecieran impenetrables y que custodian como [&hellip;]<\/p>\n","protected":false},"author":69,"featured_media":6778,"comment_status":"open","ping_status":"open","sticky":false,"template":"","format":"standard","meta":{"episode_type":"","audio_file":"","podmotor_file_id":"","podmotor_episode_id":"","cover_image":"","cover_image_id":"","duration":"","filesize":"","filesize_raw":"","date_recorded":"","explicit":"","block":"","itunes_episode_number":"","itunes_title":"","itunes_season_number":"","itunes_episode_type":"","footnotes":""},"categories":[9,11],"tags":[],"class_list":["post-6777","post","type-post","status-publish","format-standard","has-post-thumbnail","hentry","category-noticias","category-publicaciones"],"acf":[],"publishpress_future_action":{"enabled":false,"date":"2026-05-08 04:30:50","action":"change-status","newStatus":"draft","terms":[],"taxonomy":"category","extraData":[]},"publishpress_future_workflow_manual_trigger":{"enabledWorkflows":[]},"_links":{"self":[{"href":"https:\/\/www.oaxaca.gob.mx\/ageo\/wp-json\/wp\/v2\/posts\/6777","targetHints":{"allow":["GET"]}}],"collection":[{"href":"https:\/\/www.oaxaca.gob.mx\/ageo\/wp-json\/wp\/v2\/posts"}],"about":[{"href":"https:\/\/www.oaxaca.gob.mx\/ageo\/wp-json\/wp\/v2\/types\/post"}],"author":[{"embeddable":true,"href":"https:\/\/www.oaxaca.gob.mx\/ageo\/wp-json\/wp\/v2\/users\/69"}],"replies":[{"embeddable":true,"href":"https:\/\/www.oaxaca.gob.mx\/ageo\/wp-json\/wp\/v2\/comments?post=6777"}],"version-history":[{"count":3,"href":"https:\/\/www.oaxaca.gob.mx\/ageo\/wp-json\/wp\/v2\/posts\/6777\/revisions"}],"predecessor-version":[{"id":6790,"href":"https:\/\/www.oaxaca.gob.mx\/ageo\/wp-json\/wp\/v2\/posts\/6777\/revisions\/6790"}],"wp:featuredmedia":[{"embeddable":true,"href":"https:\/\/www.oaxaca.gob.mx\/ageo\/wp-json\/wp\/v2\/media\/6778"}],"wp:attachment":[{"href":"https:\/\/www.oaxaca.gob.mx\/ageo\/wp-json\/wp\/v2\/media?parent=6777"}],"wp:term":[{"taxonomy":"category","embeddable":true,"href":"https:\/\/www.oaxaca.gob.mx\/ageo\/wp-json\/wp\/v2\/categories?post=6777"},{"taxonomy":"post_tag","embeddable":true,"href":"https:\/\/www.oaxaca.gob.mx\/ageo\/wp-json\/wp\/v2\/tags?post=6777"}],"curies":[{"name":"wp","href":"https:\/\/api.w.org\/{rel}","templated":true}]}}