{"id":6727,"date":"2020-07-26T09:29:12","date_gmt":"2020-07-26T14:29:12","guid":{"rendered":"https:\/\/www.oaxaca.gob.mx\/ageo\/?p=6727"},"modified":"2020-12-01T09:50:58","modified_gmt":"2020-12-01T15:50:58","slug":"caso-de-violencia-contra-marta-basquez-y-su-hijo-en-el-siglo-xix-resguardado-en-el-archivo-historico-del-estado-de-oaxaca","status":"publish","type":"post","link":"https:\/\/www.oaxaca.gob.mx\/ageo\/caso-de-violencia-contra-marta-basquez-y-su-hijo-en-el-siglo-xix-resguardado-en-el-archivo-historico-del-estado-de-oaxaca\/","title":{"rendered":"Caso de violencia contra Marta Basquez y su hijo en el siglo XIX, resguardado en el Archivo Hist\u00f3rico del Estado de Oaxaca."},"content":{"rendered":"<h1 style=\"text-align: center\"><b><strong>Caso de violencia contra Marta Basquez y su hijo en el siglo XIX, resguardado en el Archivo Hist\u00f3rico del Estado de Oaxaca.<\/strong><\/b><\/h1>\n<p style=\"text-align: right\">Por <strong><b>Leticia Garc\u00eda Garc\u00eda<\/b><\/strong>.<\/p>\n<p>En los \u00faltimos a\u00f1os el gobierno mexicano ha puesto un puntual \u00e9nfasis a la erradicaci\u00f3n de la violencia contra las mujeres, sin embargo \u00e9ste es un tema que desde hace muchos a\u00f1os ha existido y se ha ido arraigando al grado de instalarse como parte de nuestra cultura.<\/p>\n<p>Estudios recientes han demostrado que la violencia contra las mujeres se agudiza en poblaciones ind\u00edgenas y que \u00e9sta va estrechamente relacionada con cuestiones como la escasa o nula educaci\u00f3n escolar, la pobreza, el machismo y el rol que la sociedad ha asignado a las mujeres.<\/p>\n<div class=\"row\" style=\"text-align: center\">\n<div class=\"col-sm-6\" style=\"text-align: right\">[lightbox type=\u00bbimage\u00bb src=\u00bbhttps:\/\/www.oaxaca.gob.mx\/ageo\/wp-content\/uploads\/sites\/62\/2020\/12\/pub-200726-01.jpg\u00bb class=\u00bbtext_align: center\u00bb]<img loading=\"lazy\" decoding=\"async\" class=\"alignnone wp-image-6728\" src=\"https:\/\/www.oaxaca.gob.mx\/ageo\/wp-content\/uploads\/sites\/62\/2020\/12\/pub-200726-01-214x300.jpg\" alt=\"\" width=\"286\" height=\"400\" srcset=\"https:\/\/www.oaxaca.gob.mx\/ageo\/wp-content\/uploads\/sites\/62\/2020\/12\/pub-200726-01-214x300.jpg 214w, https:\/\/www.oaxaca.gob.mx\/ageo\/wp-content\/uploads\/sites\/62\/2020\/12\/pub-200726-01-732x1024.jpg 732w, https:\/\/www.oaxaca.gob.mx\/ageo\/wp-content\/uploads\/sites\/62\/2020\/12\/pub-200726-01-768x1074.jpg 768w, https:\/\/www.oaxaca.gob.mx\/ageo\/wp-content\/uploads\/sites\/62\/2020\/12\/pub-200726-01-1098x1536.jpg 1098w, https:\/\/www.oaxaca.gob.mx\/ageo\/wp-content\/uploads\/sites\/62\/2020\/12\/pub-200726-01-1464x2048.jpg 1464w, https:\/\/www.oaxaca.gob.mx\/ageo\/wp-content\/uploads\/sites\/62\/2020\/12\/pub-200726-01-scaled.jpg 1830w\" sizes=\"auto, (max-width: 286px) 100vw, 286px\" \/>[\/lightbox]<\/div>\n<div class=\"col-sm-6\" style=\"text-align: left\">[lightbox type=\u00bbimage\u00bb src=\u00bbhttps:\/\/www.oaxaca.gob.mx\/ageo\/wp-content\/uploads\/sites\/62\/2020\/12\/pub-200726-02.jpg\u00bb class=\u00bbtext_align: center\u00bb]<img loading=\"lazy\" decoding=\"async\" class=\"alignnone wp-image-6729\" src=\"https:\/\/www.oaxaca.gob.mx\/ageo\/wp-content\/uploads\/sites\/62\/2020\/12\/pub-200726-02-217x300.jpg\" alt=\"\" width=\"289\" height=\"400\" srcset=\"https:\/\/www.oaxaca.gob.mx\/ageo\/wp-content\/uploads\/sites\/62\/2020\/12\/pub-200726-02-217x300.jpg 217w, https:\/\/www.oaxaca.gob.mx\/ageo\/wp-content\/uploads\/sites\/62\/2020\/12\/pub-200726-02-740x1024.jpg 740w, https:\/\/www.oaxaca.gob.mx\/ageo\/wp-content\/uploads\/sites\/62\/2020\/12\/pub-200726-02-768x1063.jpg 768w, https:\/\/www.oaxaca.gob.mx\/ageo\/wp-content\/uploads\/sites\/62\/2020\/12\/pub-200726-02-1109x1536.jpg 1109w, https:\/\/www.oaxaca.gob.mx\/ageo\/wp-content\/uploads\/sites\/62\/2020\/12\/pub-200726-02-1479x2048.jpg 1479w, https:\/\/www.oaxaca.gob.mx\/ageo\/wp-content\/uploads\/sites\/62\/2020\/12\/pub-200726-02-scaled.jpg 1849w\" sizes=\"auto, (max-width: 289px) 100vw, 289px\" \/>[\/lightbox]<\/div>\n<div class=\"row\" style=\"text-align: center\">\n<p style=\"text-align: center;font-size: 12px;margin-bottom: 2em\"><em>Diligencia realizada a petici\u00f3n de la Se\u00f1ora Marta Basquez en contra de su marido Thomas Hernandes, indio natural del pueblo de San Mart\u00edn Canseco por agravios cometidos a su persona, al haber nacido su hijo con discapacidades.<\/em><\/p>\n<\/div>\n<\/div>\n<p>En la mayor\u00eda de los casos este tipo de violencia inicia en casa a manos de los propios familiares en un ambiente de desigualdad y de marginaci\u00f3n, donde los agresores por lo regular tambi\u00e9n fueron violentados durante su infancia o vieron a su madre ser violentada por el esposo o pareja, generando as\u00ed un comportamiento c\u00edclico que muy dif\u00edcilmente termina por s\u00ed solo. Debido a que este comportamiento se desarrolla en el n\u00facleo familiar, se naturaliza, es decir, se toma como un aspecto normal de la relaci\u00f3n de familia donde se acepta y replica.<\/p>\n<p>A trav\u00e9s de la historia, afortunadamente han existido mujeres que pese a tener todo en su contra, han levantado la voz para hacer valer sus garant\u00edas individuales, aunque en muy pocas ocasiones, sus demandas fueron atendidas.<\/p>\n<p>Gracias a los documentos que resguarda el Archivo Hist\u00f3rico del Estado de Oaxaca, llegamos a conocer el siguiente caso. Se trata de una diligencia realizada en Antequera del Valle de Oaxaca, con fecha 18 de noviembre de 1802, presentada por la se\u00f1ora Marta Basquez en contra de su marido el se\u00f1or Thomas Hernandes, por los agravios cometidos a su persona al haber nacido su hijo con discapacidad.<\/p>\n<p>Con la finalidad de pedir justicia a las autoridades, la se\u00f1ora Marta describe en el mencionado documento, los atroces actos realizados por su propio esposo y suegros, a ella y a su beb\u00e9 reci\u00e9n nacido.<\/p>\n<p>Despu\u00e9s de haber dado a luz a un beb\u00e9 con discapacidad, Marta es amarrada de las manos y es colgada, para posteriormente ser azotada con una cuerda por su marido, hasta abrirle la espalda, entre \u00e9l y sus suegros le pasaron una soga por el cuello, despu\u00e9s le metieron un tiz\u00f3n de lumbre en su boca y pusieron chile en sus ojos, al beb\u00e9 le quemaron los piecitos, al mismo tiempo su esposo le dec\u00eda que la matar\u00eda porque no val\u00eda nada.<\/p>\n<p>Una parte que no se menciona en el documento pero que se deduce es el hecho de que apartaron a Marta de su hijo para que \u00e9sta no pudiera alimentarlo, ya que ella describe que al beb\u00e9 lo dejaron sin comer ni beber, y cuando ya estaba agonizando, su esposo le dijo que \u00e9l no lo iba a enterrar y que ella buscara la forma de hacerlo, entonces Marta tom\u00f3 a su hijo y camin\u00f3 hasta su pueblo natal llamado Magdalena, al llegar a la casa de su padre su hijo finalmente falleci\u00f3, sin embargo no pudo enterrarlo ah\u00ed por no tener dinero, as\u00ed que camin\u00f3 hasta la cabecera de Ocotl\u00e1n para pedirle al cura que por caridad lo enterrara.<\/p>\n<div class=\"row\" style=\"text-align: center\">\n<div class=\"col-sm-6\" style=\"text-align: right\">[lightbox type=\u00bbimage\u00bb src=\u00bbhttps:\/\/www.oaxaca.gob.mx\/ageo\/wp-content\/uploads\/sites\/62\/2020\/12\/pub-200726-03.jpg\u00bb class=\u00bbtext_align: center\u00bb]<img loading=\"lazy\" decoding=\"async\" class=\"alignnone wp-image-6730\" src=\"https:\/\/www.oaxaca.gob.mx\/ageo\/wp-content\/uploads\/sites\/62\/2020\/12\/pub-200726-03-212x300.jpg\" alt=\"\" width=\"282\" height=\"400\" srcset=\"https:\/\/www.oaxaca.gob.mx\/ageo\/wp-content\/uploads\/sites\/62\/2020\/12\/pub-200726-03-212x300.jpg 212w, https:\/\/www.oaxaca.gob.mx\/ageo\/wp-content\/uploads\/sites\/62\/2020\/12\/pub-200726-03-722x1024.jpg 722w, https:\/\/www.oaxaca.gob.mx\/ageo\/wp-content\/uploads\/sites\/62\/2020\/12\/pub-200726-03-768x1089.jpg 768w, https:\/\/www.oaxaca.gob.mx\/ageo\/wp-content\/uploads\/sites\/62\/2020\/12\/pub-200726-03-1083x1536.jpg 1083w, https:\/\/www.oaxaca.gob.mx\/ageo\/wp-content\/uploads\/sites\/62\/2020\/12\/pub-200726-03-1445x2048.jpg 1445w, https:\/\/www.oaxaca.gob.mx\/ageo\/wp-content\/uploads\/sites\/62\/2020\/12\/pub-200726-03-scaled.jpg 1806w\" sizes=\"auto, (max-width: 282px) 100vw, 282px\" \/>[\/lightbox]<\/div>\n<div class=\"col-sm-6\" style=\"text-align: left\">[lightbox type=\u00bbimage\u00bb src=\u00bbhttps:\/\/www.oaxaca.gob.mx\/ageo\/wp-content\/uploads\/sites\/62\/2020\/12\/pub-200726-04.jpg\u00bb class=\u00bbtext_align: center\u00bb]<img loading=\"lazy\" decoding=\"async\" class=\"alignnone wp-image-6731\" src=\"https:\/\/www.oaxaca.gob.mx\/ageo\/wp-content\/uploads\/sites\/62\/2020\/12\/pub-200726-04-212x300.jpg\" alt=\"\" width=\"282\" height=\"400\" srcset=\"https:\/\/www.oaxaca.gob.mx\/ageo\/wp-content\/uploads\/sites\/62\/2020\/12\/pub-200726-04-212x300.jpg 212w, https:\/\/www.oaxaca.gob.mx\/ageo\/wp-content\/uploads\/sites\/62\/2020\/12\/pub-200726-04-722x1024.jpg 722w, https:\/\/www.oaxaca.gob.mx\/ageo\/wp-content\/uploads\/sites\/62\/2020\/12\/pub-200726-04-768x1089.jpg 768w, https:\/\/www.oaxaca.gob.mx\/ageo\/wp-content\/uploads\/sites\/62\/2020\/12\/pub-200726-04-1083x1536.jpg 1083w, https:\/\/www.oaxaca.gob.mx\/ageo\/wp-content\/uploads\/sites\/62\/2020\/12\/pub-200726-04-1445x2048.jpg 1445w, https:\/\/www.oaxaca.gob.mx\/ageo\/wp-content\/uploads\/sites\/62\/2020\/12\/pub-200726-04-scaled.jpg 1806w\" sizes=\"auto, (max-width: 282px) 100vw, 282px\" \/>[\/lightbox]<\/div>\n<div class=\"row\" style=\"text-align: center\">\n<p style=\"font-size: 12px;margin-bottom: 2em\"><em>Documento adjunto, dirigido al se\u00f1or intendente corregidor.<\/em><\/p>\n<\/div>\n<\/div>\n<p>No se sabe con certeza c\u00f3mo culmin\u00f3 este caso pero en un documento adjunto, dirigido al se\u00f1or intendente corregidor, se menciona que el esposo de Marta ya se encontraba preso en la c\u00e1rcel de su pueblo y se solicitaba la declaraci\u00f3n de un cirujano para que reconociera los golpes y heridas de Marta.<\/p>\n<p>Este caso nos permite conocer el vituperio que han sufrido algunas mujeres y sus hijos, incluso en situaciones donde ninguno de los dos son responsables de tales circunstancias, como es el caso de dar a luz a un hijo con discapacidad, lejos de violentarlos, la familia deber\u00eda darles el apoyo y los cuidados necesarios, sobre todo en esta etapa de vulnerabilidad en sus vidas.<\/p>\n<p>Como podemos ver, las historias que registran nuestros archivos nos permiten conocer la idiosincrasia de nuestros antepasados, aprender de sus errores y caminar hacia el desarrollo de una sociedad m\u00e1s justa y equitativa, donde se reconozcan los derechos que todos como seres humanos tenemos sin exclusi\u00f3n alguna.<\/p>\n<p>Te invitamos a consultar las incontables historias que se encuentran en el Archivo Hist\u00f3rico del Archivo General del Estado de Oaxaca.<\/p>\n<h2><b><strong>Bibliograf\u00eda<\/strong><\/b><\/h2>\n<p>1. Brise\u00f1o-Maas, Mar\u00eda Leticia, &amp; Bautista-Mart\u00ednez, Eduardo. (2016). La violencia hacia las mujeres en Oaxaca. En los caminos de la desigualdad y la pobreza. Lamina R, 14(2), 15-27. Recuperado en 14 de julio de 2020, de http:\/\/www.scielo.org.mx\/scielo.php?script=sci_arttext&amp;pid=S1665-80272016000200015&amp;lng=es&amp;tlng=es.<\/p>\n<p>2. ONU MUJERES. (2012). Manual de legislaci\u00f3n sobre la violencia contra la mujer. Obtenido de https:\/\/www.unwomen.org\/es\/digital-library\/publications\/2012\/12\/handbook-for-legislation-on-violence-against-women<\/p>\n<p>3. Violencia de g\u00e9nero. (s.f.). En Wikipedia. Recuperado el 14 de julio de 2020, de https:\/\/es.wikipedia.org\/wiki\/Violencia_de_g%C3%A9nero<\/p>\n","protected":false},"excerpt":{"rendered":"<p>Caso de violencia contra Marta Basquez y su hijo en el siglo XIX, resguardado en el Archivo Hist\u00f3rico del Estado de Oaxaca. Por Leticia Garc\u00eda Garc\u00eda. En los \u00faltimos a\u00f1os el gobierno mexicano ha puesto un puntual \u00e9nfasis a la erradicaci\u00f3n de la violencia contra las mujeres, sin embargo \u00e9ste es un tema que desde [&hellip;]<\/p>\n","protected":false},"author":69,"featured_media":6731,"comment_status":"open","ping_status":"open","sticky":false,"template":"","format":"standard","meta":{"episode_type":"","audio_file":"","podmotor_file_id":"","podmotor_episode_id":"","cover_image":"","cover_image_id":"","duration":"","filesize":"","filesize_raw":"","date_recorded":"","explicit":"","block":"","itunes_episode_number":"","itunes_title":"","itunes_season_number":"","itunes_episode_type":"","footnotes":""},"categories":[9,11],"tags":[],"class_list":["post-6727","post","type-post","status-publish","format-standard","has-post-thumbnail","hentry","category-noticias","category-publicaciones"],"acf":[],"publishpress_future_action":{"enabled":false,"date":"2026-05-08 11:21:33","action":"change-status","newStatus":"draft","terms":[],"taxonomy":"category","extraData":[]},"publishpress_future_workflow_manual_trigger":{"enabledWorkflows":[]},"_links":{"self":[{"href":"https:\/\/www.oaxaca.gob.mx\/ageo\/wp-json\/wp\/v2\/posts\/6727","targetHints":{"allow":["GET"]}}],"collection":[{"href":"https:\/\/www.oaxaca.gob.mx\/ageo\/wp-json\/wp\/v2\/posts"}],"about":[{"href":"https:\/\/www.oaxaca.gob.mx\/ageo\/wp-json\/wp\/v2\/types\/post"}],"author":[{"embeddable":true,"href":"https:\/\/www.oaxaca.gob.mx\/ageo\/wp-json\/wp\/v2\/users\/69"}],"replies":[{"embeddable":true,"href":"https:\/\/www.oaxaca.gob.mx\/ageo\/wp-json\/wp\/v2\/comments?post=6727"}],"version-history":[{"count":4,"href":"https:\/\/www.oaxaca.gob.mx\/ageo\/wp-json\/wp\/v2\/posts\/6727\/revisions"}],"predecessor-version":[{"id":6735,"href":"https:\/\/www.oaxaca.gob.mx\/ageo\/wp-json\/wp\/v2\/posts\/6727\/revisions\/6735"}],"wp:featuredmedia":[{"embeddable":true,"href":"https:\/\/www.oaxaca.gob.mx\/ageo\/wp-json\/wp\/v2\/media\/6731"}],"wp:attachment":[{"href":"https:\/\/www.oaxaca.gob.mx\/ageo\/wp-json\/wp\/v2\/media?parent=6727"}],"wp:term":[{"taxonomy":"category","embeddable":true,"href":"https:\/\/www.oaxaca.gob.mx\/ageo\/wp-json\/wp\/v2\/categories?post=6727"},{"taxonomy":"post_tag","embeddable":true,"href":"https:\/\/www.oaxaca.gob.mx\/ageo\/wp-json\/wp\/v2\/tags?post=6727"}],"curies":[{"name":"wp","href":"https:\/\/api.w.org\/{rel}","templated":true}]}}