{"id":5210,"date":"2020-01-12T11:13:44","date_gmt":"2020-01-12T17:13:44","guid":{"rendered":"https:\/\/www.oaxaca.gob.mx\/ageo\/?p=5210"},"modified":"2020-03-11T13:20:46","modified_gmt":"2020-03-11T19:20:46","slug":"formacion-de-maestros-rurales-en-oaxaca","status":"publish","type":"post","link":"https:\/\/www.oaxaca.gob.mx\/ageo\/formacion-de-maestros-rurales-en-oaxaca\/","title":{"rendered":"Formaci\u00f3n de maestros rurales en Oaxaca"},"content":{"rendered":"<h2 style=\"text-align: center\"><b>ARCHIVO GENERAL DEL ESTADO DE OAXACA<\/b><\/h2>\n<h1 style=\"text-align: center\"><b>FORMACI\u00d3N DE MAESTROS RURALES EN OAXACA<\/b><\/h1>\n<p style=\"text-align: right\">Por <b><strong>Irma Lidia Z\u00e1rate Cruz<\/strong><\/b><\/p>\n<p>Las Misiones Culturales fueron un proyecto surgido en la Secretar\u00eda de Educaci\u00f3n P\u00fablica (SEP), con la finalidad combatir el analfabetismo e incorporar las comunidades rurales al proyecto de naci\u00f3n civilizada y difundir en ellos un pensamiento pr\u00e1ctico. El objetivo de la SEP, a cargo de Jos\u00e9 Vasconcelos, era llevar la educaci\u00f3n a todos los rincones del pa\u00eds. Para ello, en 1922 se crearon las primeras Escuelas Normales Rurales.<\/p>\n<div class=\"row\" style=\"text-align: center\">\n<div class=\"col-sm-6\" style=\"text-align: center\">\n[lightbox type=\u00bbimage\u00bb src=\u00bbhttps:\/\/www.oaxaca.gob.mx\/ageo\/wp-content\/uploads\/sites\/62\/2020\/02\/Imagen-1-2.jpg\u00bb class=\u00bbtext_align: center\u00bb]<img loading=\"lazy\" decoding=\"async\" class=\"alignnone wp-image-5211\" src=\"https:\/\/www.oaxaca.gob.mx\/ageo\/wp-content\/uploads\/sites\/62\/2020\/02\/Imagen-1-2-207x300.jpg\" alt=\"\" width=\"413\" height=\"600\" srcset=\"https:\/\/www.oaxaca.gob.mx\/ageo\/wp-content\/uploads\/sites\/62\/2020\/02\/Imagen-1-2-207x300.jpg 207w, https:\/\/www.oaxaca.gob.mx\/ageo\/wp-content\/uploads\/sites\/62\/2020\/02\/Imagen-1-2-705x1024.jpg 705w, https:\/\/www.oaxaca.gob.mx\/ageo\/wp-content\/uploads\/sites\/62\/2020\/02\/Imagen-1-2-768x1115.jpg 768w, https:\/\/www.oaxaca.gob.mx\/ageo\/wp-content\/uploads\/sites\/62\/2020\/02\/Imagen-1-2-1058x1536.jpg 1058w, https:\/\/www.oaxaca.gob.mx\/ageo\/wp-content\/uploads\/sites\/62\/2020\/02\/Imagen-1-2.jpg 1315w\" sizes=\"auto, (max-width: 413px) 100vw, 413px\" \/>[\/lightbox]\n<p style=\"text-align: center;font-size: 12px;margin-bottom: 2em\"><em>Invitaci\u00f3n a curso de Preparaci\u00f3n t\u00e9cnica, 1926<\/em><\/p>\n<\/div>\n<div class=\"col-sm-6\" style=\"text-align: center\">\n[lightbox type=\u00bbimage\u00bb src=\u00bbhttps:\/\/www.oaxaca.gob.mx\/ageo\/wp-content\/uploads\/sites\/62\/2020\/02\/Imagen-2-2.jpg\u00bb class=\u00bbtext_align: center\u00bb]<img loading=\"lazy\" decoding=\"async\" class=\"alignnone wp-image-5212\" src=\"https:\/\/www.oaxaca.gob.mx\/ageo\/wp-content\/uploads\/sites\/62\/2020\/02\/Imagen-2-2-232x300.jpg\" alt=\"\" width=\"465\" height=\"600\" srcset=\"https:\/\/www.oaxaca.gob.mx\/ageo\/wp-content\/uploads\/sites\/62\/2020\/02\/Imagen-2-2-232x300.jpg 232w, https:\/\/www.oaxaca.gob.mx\/ageo\/wp-content\/uploads\/sites\/62\/2020\/02\/Imagen-2-2-793x1024.jpg 793w, https:\/\/www.oaxaca.gob.mx\/ageo\/wp-content\/uploads\/sites\/62\/2020\/02\/Imagen-2-2-768x992.jpg 768w, https:\/\/www.oaxaca.gob.mx\/ageo\/wp-content\/uploads\/sites\/62\/2020\/02\/Imagen-2-2-1189x1536.jpg 1189w, https:\/\/www.oaxaca.gob.mx\/ageo\/wp-content\/uploads\/sites\/62\/2020\/02\/Imagen-2-2.jpg 1235w\" sizes=\"auto, (max-width: 465px) 100vw, 465px\" \/>[\/lightbox]\n<p style=\"text-align: center;font-size: 12px;margin-bottom: 2em\"><em>Programa de actividades y foto de los concurrentes, 1927<\/em><\/p>\n<\/div>\n<\/div>\n<p>En la educaci\u00f3n rural, los maestros(as), j\u00f3venes entusiastas, inteligentes y decididos, eran enviados a todos los rincones del pa\u00eds y una de sus primeras tareas era el estudio de la comunidad, conocer bien el medio geogr\u00e1fico, hist\u00f3rico, econ\u00f3mico y social que se le hab\u00eda encomendado para desarrollar su labor. El maestro rural iba mucho m\u00e1s all\u00e1 de la simple instrucci\u00f3n, ten\u00eda que ense\u00f1ar a vivir, deb\u00eda ser un experto en agricultura, econom\u00eda y organizaci\u00f3n social. A \u00e9l correspond\u00eda desde la limpieza de las calles y las casas, hasta impulsar las industrias de la regi\u00f3n y promover la comunicaci\u00f3n de los pueblos. El maestro rural estaba preparado para ense\u00f1ar a leer y a escribir, pero con esa sola preparaci\u00f3n necesitaba estar capacitado, para realizar la hermosa tarea de ense\u00f1ar a los ni\u00f1os y adultos.<\/p>\n<div class=\"row\" style=\"text-align: center\">\n<div class=\"col-sm-6\" style=\"text-align: center\">\n[lightbox type=\u00bbimage\u00bb src=\u00bbhttps:\/\/www.oaxaca.gob.mx\/ageo\/wp-content\/uploads\/sites\/62\/2020\/02\/Imagen-3-2.jpg\u00bb class=\u00bbtext_align: center\u00bb]<img loading=\"lazy\" decoding=\"async\" class=\"alignnone wp-image-5213\" src=\"https:\/\/www.oaxaca.gob.mx\/ageo\/wp-content\/uploads\/sites\/62\/2020\/02\/Imagen-3-2-238x300.jpg\" alt=\"\" width=\"475\" height=\"600\" srcset=\"https:\/\/www.oaxaca.gob.mx\/ageo\/wp-content\/uploads\/sites\/62\/2020\/02\/Imagen-3-2-238x300.jpg 238w, https:\/\/www.oaxaca.gob.mx\/ageo\/wp-content\/uploads\/sites\/62\/2020\/02\/Imagen-3-2-811x1024.jpg 811w, https:\/\/www.oaxaca.gob.mx\/ageo\/wp-content\/uploads\/sites\/62\/2020\/02\/Imagen-3-2-768x970.jpg 768w, https:\/\/www.oaxaca.gob.mx\/ageo\/wp-content\/uploads\/sites\/62\/2020\/02\/Imagen-3-2.jpg 1213w\" sizes=\"auto, (max-width: 475px) 100vw, 475px\" \/>[\/lightbox]\n<p style=\"text-align: center;font-size: 12px;margin-bottom: 2em\"><em>Cursos t\u00e9cnicos en Aguilera, curtidur\u00eda y conservaci\u00f3n, 1927<\/em><\/p>\n<\/div>\n<div class=\"col-sm-6\" style=\"text-align: center\">\n[lightbox type=\u00bbimage\u00bb src=\u00bbhttps:\/\/www.oaxaca.gob.mx\/ageo\/wp-content\/uploads\/sites\/62\/2020\/02\/Imagen-4-2.jpg\u00bb class=\u00bbtext_align: center\u00bb]<img loading=\"lazy\" decoding=\"async\" class=\"alignnone wp-image-5214\" src=\"https:\/\/www.oaxaca.gob.mx\/ageo\/wp-content\/uploads\/sites\/62\/2020\/02\/Imagen-4-2-216x300.jpg\" alt=\"\" width=\"432\" height=\"600\" srcset=\"https:\/\/www.oaxaca.gob.mx\/ageo\/wp-content\/uploads\/sites\/62\/2020\/02\/Imagen-4-2-216x300.jpg 216w, https:\/\/www.oaxaca.gob.mx\/ageo\/wp-content\/uploads\/sites\/62\/2020\/02\/Imagen-4-2-738x1024.jpg 738w, https:\/\/www.oaxaca.gob.mx\/ageo\/wp-content\/uploads\/sites\/62\/2020\/02\/Imagen-4-2-768x1066.jpg 768w, https:\/\/www.oaxaca.gob.mx\/ageo\/wp-content\/uploads\/sites\/62\/2020\/02\/Imagen-4-2-1107x1536.jpg 1107w, https:\/\/www.oaxaca.gob.mx\/ageo\/wp-content\/uploads\/sites\/62\/2020\/02\/Imagen-4-2.jpg 1213w\" sizes=\"auto, (max-width: 432px) 100vw, 432px\" \/>[\/lightbox]\n<p style=\"text-align: center;font-size: 12px;margin-bottom: 2em\"><em>Foto actividades en el jard\u00edn, 1927<\/em><\/p>\n<\/div>\n<\/div>\n<p>En el Archivo Hist\u00f3rico del Archivo General del Estado de Oaxaca, podemos encontrar documentos que dan cuenta de los cursos cortos de preparaci\u00f3n t\u00e9cnica para maestros rurales en el a\u00f1o de 1926. Uno de los primeros testimonios que se tienen es la invitaci\u00f3n por parte del Gobernador de Oaxaca, el Lic. Genaro V\u00e1squez, a que todos los aspirantes que se sintieran con vocaci\u00f3n de maestros, asistieran al \u201cCurso corto de preparaci\u00f3n t\u00e9cnica de Maestros Rurales\u201d, quedando abierta las inscripciones en la Secretar\u00eda de la Escuela Normal Mixta, el 13 diciembre de 1926. El curso inici\u00f3 del 28 de diciembre de 1926 al 2 de febrero de 1927 en la ex hacienda Aguilera, teniendo como director de curso al profesor Policarpo T. S\u00e1nchez.<\/p>\n<div class=\"row\" style=\"text-align: center\">\n<div class=\"col-sm-6\" style=\"text-align: center\">\n[lightbox type=\u00bbimage\u00bb src=\u00bbhttps:\/\/www.oaxaca.gob.mx\/ageo\/wp-content\/uploads\/sites\/62\/2020\/02\/Imagen-5-1.jpg\u00bb class=\u00bbtext_align: center\u00bb]<img loading=\"lazy\" decoding=\"async\" class=\"alignnone wp-image-5215\" src=\"https:\/\/www.oaxaca.gob.mx\/ageo\/wp-content\/uploads\/sites\/62\/2020\/02\/Imagen-5-1-224x300.jpg\" alt=\"\" width=\"449\" height=\"600\" srcset=\"https:\/\/www.oaxaca.gob.mx\/ageo\/wp-content\/uploads\/sites\/62\/2020\/02\/Imagen-5-1-224x300.jpg 224w, https:\/\/www.oaxaca.gob.mx\/ageo\/wp-content\/uploads\/sites\/62\/2020\/02\/Imagen-5-1-765x1024.jpg 765w, https:\/\/www.oaxaca.gob.mx\/ageo\/wp-content\/uploads\/sites\/62\/2020\/02\/Imagen-5-1-768x1027.jpg 768w, https:\/\/www.oaxaca.gob.mx\/ageo\/wp-content\/uploads\/sites\/62\/2020\/02\/Imagen-5-1-1148x1536.jpg 1148w, https:\/\/www.oaxaca.gob.mx\/ageo\/wp-content\/uploads\/sites\/62\/2020\/02\/Imagen-5-1.jpg 1294w\" sizes=\"auto, (max-width: 449px) 100vw, 449px\" \/>[\/lightbox]\n<p style=\"text-align: center;font-size: 12px;margin-bottom: 2em\"><em>Foto clase de modales, 1927<\/em><\/p>\n<\/div>\n<div class=\"col-sm-6\" style=\"text-align: center\">\n[lightbox type=\u00bbimage\u00bb src=\u00bbhttps:\/\/www.oaxaca.gob.mx\/ageo\/wp-content\/uploads\/sites\/62\/2020\/02\/Imagen-6.jpg\u00bb class=\u00bbtext_align: center\u00bb]<img loading=\"lazy\" decoding=\"async\" class=\"alignnone wp-image-5216\" src=\"https:\/\/www.oaxaca.gob.mx\/ageo\/wp-content\/uploads\/sites\/62\/2020\/02\/Imagen-6-234x300.jpg\" alt=\"\" width=\"468\" height=\"600\" srcset=\"https:\/\/www.oaxaca.gob.mx\/ageo\/wp-content\/uploads\/sites\/62\/2020\/02\/Imagen-6-234x300.jpg 234w, https:\/\/www.oaxaca.gob.mx\/ageo\/wp-content\/uploads\/sites\/62\/2020\/02\/Imagen-6-798x1024.jpg 798w, https:\/\/www.oaxaca.gob.mx\/ageo\/wp-content\/uploads\/sites\/62\/2020\/02\/Imagen-6-768x985.jpg 768w, https:\/\/www.oaxaca.gob.mx\/ageo\/wp-content\/uploads\/sites\/62\/2020\/02\/Imagen-6-1198x1536.jpg 1198w, https:\/\/www.oaxaca.gob.mx\/ageo\/wp-content\/uploads\/sites\/62\/2020\/02\/Imagen-6.jpg 1263w\" sizes=\"auto, (max-width: 468px) 100vw, 468px\" \/>[\/lightbox]\n<p style=\"text-align: center;font-size: 12px;margin-bottom: 2em\"><em>Foto S\u00e1bado de higiene, 1927<\/em><\/p>\n<\/div>\n<\/div>\n<p>El objetivo de este curso fue formar y capacitar a los aspirantes para ocupar las plazas de maestros rurales en el Estado. En el curso participaron aspirantes y maestros de los ex distritos de Etla, Centro, Tlacolula, Zimatl\u00e1n, Ejutla, Ocotl\u00e1n y Miahuatl\u00e1n. El alumnado adquiri\u00f3 conocimientos pr\u00e1cticos, como la preparaci\u00f3n de la tierra para la Elaboraci\u00f3n de parcelas, Jardiner\u00eda, Curtidur\u00eda, Lengua Nacional, Aritm\u00e9tica y Geometr\u00eda, Jaboner\u00eda, Avicultura, Labores y Dibujo, por mencionar algunos, siendo capacitados por maestros de la capital del pa\u00eds. Fue un mes riguroso de capacitaci\u00f3n y pr\u00e1cticas. Al t\u00e9rmino de dicha formaci\u00f3n se les realiz\u00f3 a todos los aspirantes un examen de todo lo aprendido y se les entreg\u00f3 un diploma.<\/p>\n<div style=\"text-align: center\">\n[lightbox type=\u00bbimage\u00bb src=\u00bbhttps:\/\/www.oaxaca.gob.mx\/ageo\/wp-content\/uploads\/sites\/62\/2020\/02\/Imagen-7.jpg\u00bb class=\u00bbtext_align: center\u00bb]<img loading=\"lazy\" decoding=\"async\" class=\"alignnone wp-image-5217 size-large\" src=\"https:\/\/www.oaxaca.gob.mx\/ageo\/wp-content\/uploads\/sites\/62\/2020\/02\/Imagen-7-743x1024.jpg\" alt=\"\" width=\"743\" height=\"1024\" srcset=\"https:\/\/www.oaxaca.gob.mx\/ageo\/wp-content\/uploads\/sites\/62\/2020\/02\/Imagen-7-743x1024.jpg 743w, https:\/\/www.oaxaca.gob.mx\/ageo\/wp-content\/uploads\/sites\/62\/2020\/02\/Imagen-7-218x300.jpg 218w, https:\/\/www.oaxaca.gob.mx\/ageo\/wp-content\/uploads\/sites\/62\/2020\/02\/Imagen-7-768x1058.jpg 768w, https:\/\/www.oaxaca.gob.mx\/ageo\/wp-content\/uploads\/sites\/62\/2020\/02\/Imagen-7-1115x1536.jpg 1115w, https:\/\/www.oaxaca.gob.mx\/ageo\/wp-content\/uploads\/sites\/62\/2020\/02\/Imagen-7.jpg 1263w\" sizes=\"auto, (max-width: 743px) 100vw, 743px\" \/>[\/lightbox]\n<p style=\"text-align: center;font-size: 12px;margin-bottom: 2em\"><em>Programa de actividades y clases de curtidur\u00eda, 1927<\/em><\/p>\n<\/div>\n<p>Es as\u00ed como el Gobierno del Estado, reconociendo la importancia de las Misiones Culturales a nivel nacional y de la alfabetizaci\u00f3n en las comunidades rurales, tuvo la iniciativa de preparar a maestros para poder impartir sus conocimientos en las comunidades de la entidad Oaxaque\u00f1a. El Curso corto de preparaci\u00f3n t\u00e9cnica fue bien recibido por parte de la opini\u00f3n p\u00fablica, ya que en notas period\u00edsticas se afirmaba que los estudiantes eran personas comprometidas que se esforzaban para realizar sus tareas diarias, tanto te\u00f3ricas como pr\u00e1cticas. Adem\u00e1s, se consideraba que los futuros maestros rurales ayudar\u00edan al desarrollo social de las comunidades, por medio de la alfabetizaci\u00f3n y de la ense\u00f1anza de actividades productivas como la agricultura, apicultura, la ganader\u00eda y la elaboraci\u00f3n de conservas.<\/p>\n<p>El Archivo General del Estado de Oaxaca tiene muchas m\u00e1s historias por contar y tiene sus puertas abiertas para que nos visiten y las descubran.<\/p>\n","protected":false},"excerpt":{"rendered":"<p>ARCHIVO GENERAL DEL ESTADO DE OAXACA FORMACI\u00d3N DE MAESTROS RURALES EN OAXACA Por Irma Lidia Z\u00e1rate Cruz Las Misiones Culturales fueron un proyecto surgido en la Secretar\u00eda de Educaci\u00f3n P\u00fablica (SEP), con la finalidad combatir el analfabetismo e incorporar las comunidades rurales al proyecto de naci\u00f3n civilizada y difundir en ellos un pensamiento pr\u00e1ctico. El [&hellip;]<\/p>\n","protected":false},"author":69,"featured_media":5220,"comment_status":"open","ping_status":"open","sticky":false,"template":"","format":"standard","meta":{"episode_type":"","audio_file":"","podmotor_file_id":"","podmotor_episode_id":"","cover_image":"","cover_image_id":"","duration":"","filesize":"","filesize_raw":"","date_recorded":"","explicit":"","block":"","itunes_episode_number":"","itunes_title":"","itunes_season_number":"","itunes_episode_type":"","footnotes":""},"categories":[9,11],"tags":[],"class_list":["post-5210","post","type-post","status-publish","format-standard","has-post-thumbnail","hentry","category-noticias","category-publicaciones"],"acf":[],"publishpress_future_action":{"enabled":false,"date":"2026-05-08 04:46:26","action":"change-status","newStatus":"draft","terms":[],"taxonomy":"category","extraData":[]},"publishpress_future_workflow_manual_trigger":{"enabledWorkflows":[]},"_links":{"self":[{"href":"https:\/\/www.oaxaca.gob.mx\/ageo\/wp-json\/wp\/v2\/posts\/5210","targetHints":{"allow":["GET"]}}],"collection":[{"href":"https:\/\/www.oaxaca.gob.mx\/ageo\/wp-json\/wp\/v2\/posts"}],"about":[{"href":"https:\/\/www.oaxaca.gob.mx\/ageo\/wp-json\/wp\/v2\/types\/post"}],"author":[{"embeddable":true,"href":"https:\/\/www.oaxaca.gob.mx\/ageo\/wp-json\/wp\/v2\/users\/69"}],"replies":[{"embeddable":true,"href":"https:\/\/www.oaxaca.gob.mx\/ageo\/wp-json\/wp\/v2\/comments?post=5210"}],"version-history":[{"count":2,"href":"https:\/\/www.oaxaca.gob.mx\/ageo\/wp-json\/wp\/v2\/posts\/5210\/revisions"}],"predecessor-version":[{"id":5221,"href":"https:\/\/www.oaxaca.gob.mx\/ageo\/wp-json\/wp\/v2\/posts\/5210\/revisions\/5221"}],"wp:featuredmedia":[{"embeddable":true,"href":"https:\/\/www.oaxaca.gob.mx\/ageo\/wp-json\/wp\/v2\/media\/5220"}],"wp:attachment":[{"href":"https:\/\/www.oaxaca.gob.mx\/ageo\/wp-json\/wp\/v2\/media?parent=5210"}],"wp:term":[{"taxonomy":"category","embeddable":true,"href":"https:\/\/www.oaxaca.gob.mx\/ageo\/wp-json\/wp\/v2\/categories?post=5210"},{"taxonomy":"post_tag","embeddable":true,"href":"https:\/\/www.oaxaca.gob.mx\/ageo\/wp-json\/wp\/v2\/tags?post=5210"}],"curies":[{"name":"wp","href":"https:\/\/api.w.org\/{rel}","templated":true}]}}