{"id":4715,"date":"2018-07-11T11:25:25","date_gmt":"2018-07-11T16:25:25","guid":{"rendered":"https:\/\/www.oaxaca.gob.mx\/ageo\/?p=4715"},"modified":"2020-01-16T15:02:37","modified_gmt":"2020-01-16T21:02:37","slug":"como-eran-las-elecciones-en-el-siglo-xx","status":"publish","type":"post","link":"https:\/\/www.oaxaca.gob.mx\/ageo\/como-eran-las-elecciones-en-el-siglo-xx\/","title":{"rendered":"\u00bfC\u00f3mo eran las elecciones en el siglo XX?"},"content":{"rendered":"<h2 style=\"text-align: center\"><b>ARCHIVO GENERAL DEL ESTADO DE OAXACA<\/b><\/h2>\n<h1 style=\"text-align: center\"><b>\u00bfC\u00d3MO ERAN LAS ELECCIONES EN EL SIGLO XX?<\/b><\/h1>\n<p style=\"text-align: right\">Por <b><strong>Aracely Rodr\u00edguez Gasga<\/strong><\/b><\/p>\n<p>Se han preguntado, \u00bfqu\u00e9 son las elecciones pol\u00edticas? son los procesos electorales mediante los cuales se renuevan los poderes federales de elecci\u00f3n popular, que son el Poder Ejecutivo y el Poder Legislativo. En el Poder Ejecutivo se elige el cargo de Presidente de la Rep\u00fablica y en el Legislativo los miembros del Senado de la Rep\u00fablica y de la C\u00e1mara de Diputados.<\/p>\n<div style=\"text-align: center\">[lightbox type=\u00bbimage\u00bb src=\u00bbhttps:\/\/www.oaxaca.gob.mx\/ageo\/wp-content\/uploads\/sites\/62\/2019\/12\/180711-1.jpg\u00bb class=\u00bbtext_align: center\u00bb]<img loading=\"lazy\" decoding=\"async\" class=\"alignnone wp-image-4716\" src=\"https:\/\/www.oaxaca.gob.mx\/ageo\/wp-content\/uploads\/sites\/62\/2019\/12\/180711-1-201x300.jpg\" alt=\"\" width=\"402\" height=\"599\" srcset=\"https:\/\/www.oaxaca.gob.mx\/ageo\/wp-content\/uploads\/sites\/62\/2019\/12\/180711-1-201x300.jpg 201w, https:\/\/www.oaxaca.gob.mx\/ageo\/wp-content\/uploads\/sites\/62\/2019\/12\/180711-1-768x1145.jpg 768w, https:\/\/www.oaxaca.gob.mx\/ageo\/wp-content\/uploads\/sites\/62\/2019\/12\/180711-1-687x1024.jpg 687w, https:\/\/www.oaxaca.gob.mx\/ageo\/wp-content\/uploads\/sites\/62\/2019\/12\/180711-1.jpg 1362w\" sizes=\"auto, (max-width: 402px) 100vw, 402px\" \/>[\/lightbox][lightbox type=\u00bbimage\u00bb src=\u00bbhttps:\/\/www.oaxaca.gob.mx\/ageo\/wp-content\/uploads\/sites\/62\/2019\/12\/180711-2.jpg\u00bb class=\u00bbtext_align: center\u00bb]<img loading=\"lazy\" decoding=\"async\" class=\"alignnone wp-image-4717\" src=\"https:\/\/www.oaxaca.gob.mx\/ageo\/wp-content\/uploads\/sites\/62\/2019\/12\/180711-2-206x300.jpg\" alt=\"\" width=\"412\" height=\"599\" srcset=\"https:\/\/www.oaxaca.gob.mx\/ageo\/wp-content\/uploads\/sites\/62\/2019\/12\/180711-2-206x300.jpg 206w, https:\/\/www.oaxaca.gob.mx\/ageo\/wp-content\/uploads\/sites\/62\/2019\/12\/180711-2-768x1116.jpg 768w, https:\/\/www.oaxaca.gob.mx\/ageo\/wp-content\/uploads\/sites\/62\/2019\/12\/180711-2-704x1024.jpg 704w, https:\/\/www.oaxaca.gob.mx\/ageo\/wp-content\/uploads\/sites\/62\/2019\/12\/180711-2.jpg 1327w\" sizes=\"auto, (max-width: 412px) 100vw, 412px\" \/>[\/lightbox]<\/div>\n<p>Los procesos federales son organizados por el Instituto Nacional Electoral, un \u00f3rgano aut\u00f3nomo administrado por un consejo ciudadano que act\u00faa con certeza, legalidad, independencia, imparcialidad, m\u00e1xima publicidad y objetividad; se llevan a cabo de acuerdo con lo que dispone la Constituci\u00f3n Pol\u00edtica de los Estados Unidos Mexicanos (CPEUM) y la Ley General de Instituciones y Procedimientos Electorales (LGIPE), los mecanismos para renovar con el voto ciudadano a los poderes de la Uni\u00f3n mediante elecciones libres, aut\u00e9nticas y peri\u00f3dicas.<\/p>\n<p>La importancia de que los ciudadanos participen en las elecciones concurriendo a votar, es para que el pa\u00eds cuente con un liderazgo claro y consistente, que sea capaz de llevar adelante el programa de reformas que espera, con la capacidad de lograr consensos y tambi\u00e9n de tener una voz firme ante las presiones y expectativas que previsiblemente buscar\u00e1n beneficios sectoriales. Ese liderazgo no depende solamente del porcentaje de votaci\u00f3n que alcance la opci\u00f3n vencedora, sino del mensaje y de la forma en que se ejerza desde el primer d\u00eda el mandato que surja de las urnas.<\/p>\n<div style=\"text-align: center\">[lightbox type=\u00bbimage\u00bb src=\u00bbhttps:\/\/www.oaxaca.gob.mx\/ageo\/wp-content\/uploads\/sites\/62\/2019\/12\/180711-3.jpg\u00bb class=\u00bbtext_align: center\u00bb]<img loading=\"lazy\" decoding=\"async\" class=\"alignnone wp-image-4718\" src=\"https:\/\/www.oaxaca.gob.mx\/ageo\/wp-content\/uploads\/sites\/62\/2019\/12\/180711-3-203x300.jpg\" alt=\"\" width=\"406\" height=\"599\" srcset=\"https:\/\/www.oaxaca.gob.mx\/ageo\/wp-content\/uploads\/sites\/62\/2019\/12\/180711-3-203x300.jpg 203w, https:\/\/www.oaxaca.gob.mx\/ageo\/wp-content\/uploads\/sites\/62\/2019\/12\/180711-3-768x1133.jpg 768w, https:\/\/www.oaxaca.gob.mx\/ageo\/wp-content\/uploads\/sites\/62\/2019\/12\/180711-3-694x1024.jpg 694w, https:\/\/www.oaxaca.gob.mx\/ageo\/wp-content\/uploads\/sites\/62\/2019\/12\/180711-3.jpg 1287w\" sizes=\"auto, (max-width: 406px) 100vw, 406px\" \/>[\/lightbox][lightbox type=\u00bbimage\u00bb src=\u00bbhttps:\/\/www.oaxaca.gob.mx\/ageo\/wp-content\/uploads\/sites\/62\/2019\/12\/180711-4.jpg\u00bb class=\u00bbtext_align: center\u00bb]<img loading=\"lazy\" decoding=\"async\" class=\"alignnone wp-image-4719\" src=\"https:\/\/www.oaxaca.gob.mx\/ageo\/wp-content\/uploads\/sites\/62\/2019\/12\/180711-4-200x300.jpg\" alt=\"\" width=\"400\" height=\"600\" srcset=\"https:\/\/www.oaxaca.gob.mx\/ageo\/wp-content\/uploads\/sites\/62\/2019\/12\/180711-4-200x300.jpg 200w, https:\/\/www.oaxaca.gob.mx\/ageo\/wp-content\/uploads\/sites\/62\/2019\/12\/180711-4-768x1152.jpg 768w, https:\/\/www.oaxaca.gob.mx\/ageo\/wp-content\/uploads\/sites\/62\/2019\/12\/180711-4-682x1024.jpg 682w, https:\/\/www.oaxaca.gob.mx\/ageo\/wp-content\/uploads\/sites\/62\/2019\/12\/180711-4.jpg 1247w\" sizes=\"auto, (max-width: 400px) 100vw, 400px\" \/>[\/lightbox]<\/div>\n<p>En mi labor como archivista en el Archivo General del Estado de Oaxaca, al momento de organizar los documentos en los Fondos, Gobierno, Hacienda, Justicia, Milicia, Registro Civil, me encontr\u00e9 con actas referentes a las elecciones que se desarrollaron en el siglo XX en donde sale triunfador el C. General Porfirio D\u00edaz.<\/p>\n<p><em>En Oaxaca de Ju\u00e1rez nueve de Julio de mil novecientos, reunidos ciento doce electores en el sal\u00f3n de sesiones del Congreso del Estado el d\u00eda de ayer nombraron Diputados y Senadores, propietario y suplente al congreso de la uni\u00f3n, se abri\u00f3 la sesi\u00f3n bajo la presidencia del C. Saureano Ojeda, con el fin de proceder a la elecci\u00f3n del Presidente de los Estados Unidos Mexicanos y dado lectura por el secretario de la junta a la parte conducente de la ley electoral se procedi\u00f3 a elegir por escrutinio secreto cuya computaci\u00f3n de votos resulto elegido por unanimidad de ciento doce votos el Ciudadano General Porfirio D\u00edaz, con esto se dio por terminada la elecci\u00f3n y se levant\u00f3 el acta.<\/em><\/p>\n<div style=\"text-align: center\">[lightbox type=\u00bbimage\u00bb src=\u00bbhttps:\/\/www.oaxaca.gob.mx\/ageo\/wp-content\/uploads\/sites\/62\/2019\/12\/180711-5.jpg\u00bb class=\u00bbtext_align: center\u00bb]<img loading=\"lazy\" decoding=\"async\" class=\"alignnone wp-image-4720\" src=\"https:\/\/www.oaxaca.gob.mx\/ageo\/wp-content\/uploads\/sites\/62\/2019\/12\/180711-5-201x300.jpg\" alt=\"\" width=\"402\" height=\"601\" srcset=\"https:\/\/www.oaxaca.gob.mx\/ageo\/wp-content\/uploads\/sites\/62\/2019\/12\/180711-5-201x300.jpg 201w, https:\/\/www.oaxaca.gob.mx\/ageo\/wp-content\/uploads\/sites\/62\/2019\/12\/180711-5-768x1147.jpg 768w, https:\/\/www.oaxaca.gob.mx\/ageo\/wp-content\/uploads\/sites\/62\/2019\/12\/180711-5-685x1024.jpg 685w, https:\/\/www.oaxaca.gob.mx\/ageo\/wp-content\/uploads\/sites\/62\/2019\/12\/180711-5.jpg 1186w\" sizes=\"auto, (max-width: 402px) 100vw, 402px\" \/>[\/lightbox][lightbox type=\u00bbimage\u00bb src=\u00bbhttps:\/\/www.oaxaca.gob.mx\/ageo\/wp-content\/uploads\/sites\/62\/2019\/12\/180711-6.jpg\u00bb class=\u00bbtext_align: center\u00bb]<img loading=\"lazy\" decoding=\"async\" class=\"alignnone wp-image-4721\" src=\"https:\/\/www.oaxaca.gob.mx\/ageo\/wp-content\/uploads\/sites\/62\/2019\/12\/180711-6-196x300.jpg\" alt=\"\" width=\"392\" height=\"599\" srcset=\"https:\/\/www.oaxaca.gob.mx\/ageo\/wp-content\/uploads\/sites\/62\/2019\/12\/180711-6-196x300.jpg 196w, https:\/\/www.oaxaca.gob.mx\/ageo\/wp-content\/uploads\/sites\/62\/2019\/12\/180711-6-768x1173.jpg 768w, https:\/\/www.oaxaca.gob.mx\/ageo\/wp-content\/uploads\/sites\/62\/2019\/12\/180711-6-671x1024.jpg 671w, https:\/\/www.oaxaca.gob.mx\/ageo\/wp-content\/uploads\/sites\/62\/2019\/12\/180711-6.jpg 1104w\" sizes=\"auto, (max-width: 392px) 100vw, 392px\" \/>[\/lightbox]<\/div>\n<p><em>En Oaxaca de Ju\u00e1rez once de Julio de mil novecientos cuatro, con ocho de los electores que forman la mayor\u00eda de este primer c\u00edrculo electoral en cumplimiento de lo que previene el art\u00edculo 46 de la ley, el 18 de Diciembre de mil novecientos uno se abri\u00f3 la sesi\u00f3n bajo la presidencia del C. Luis Garc\u00eda N\u00e1jera y despu\u00e9s de haber dado lectura el secretario del mismo colegio se procedi\u00f3 a la elecci\u00f3n de presidente y vicepresidente de los Estados Unidos Mexicanos, recibi\u00e9ndose sucesivamente la respectiva votaci\u00f3n en escrutinio secreto y hecha la computaci\u00f3n de votos de cada acto resultaron electos con ochenta y ocho votos el Presidente C. General Porfirio D\u00edaz y vicepresidente el C. Don Ram\u00f3n Corral, anunciado por el presidente del colegio el resultado del escrutinio.<\/em><\/p>\n<div style=\"text-align: center\">[lightbox type=\u00bbimage\u00bb src=\u00bbhttps:\/\/www.oaxaca.gob.mx\/ageo\/wp-content\/uploads\/sites\/62\/2019\/12\/180711-7.jpg\u00bb class=\u00bbtext_align: center\u00bb]<img loading=\"lazy\" decoding=\"async\" class=\"alignnone wp-image-4722\" src=\"https:\/\/www.oaxaca.gob.mx\/ageo\/wp-content\/uploads\/sites\/62\/2019\/12\/180711-7-189x300.jpg\" alt=\"\" width=\"378\" height=\"599\" srcset=\"https:\/\/www.oaxaca.gob.mx\/ageo\/wp-content\/uploads\/sites\/62\/2019\/12\/180711-7-189x300.jpg 189w, https:\/\/www.oaxaca.gob.mx\/ageo\/wp-content\/uploads\/sites\/62\/2019\/12\/180711-7-768x1216.jpg 768w, https:\/\/www.oaxaca.gob.mx\/ageo\/wp-content\/uploads\/sites\/62\/2019\/12\/180711-7-647x1024.jpg 647w, https:\/\/www.oaxaca.gob.mx\/ageo\/wp-content\/uploads\/sites\/62\/2019\/12\/180711-7.jpg 1293w\" sizes=\"auto, (max-width: 378px) 100vw, 378px\" \/>[\/lightbox][lightbox type=\u00bbimage\u00bb src=\u00bbhttps:\/\/www.oaxaca.gob.mx\/ageo\/wp-content\/uploads\/sites\/62\/2019\/12\/180711-8.jpg\u00bb class=\u00bbtext_align: center\u00bb]<img loading=\"lazy\" decoding=\"async\" class=\"alignnone wp-image-4723\" src=\"https:\/\/www.oaxaca.gob.mx\/ageo\/wp-content\/uploads\/sites\/62\/2019\/12\/180711-8-204x300.jpg\" alt=\"\" width=\"408\" height=\"599\" srcset=\"https:\/\/www.oaxaca.gob.mx\/ageo\/wp-content\/uploads\/sites\/62\/2019\/12\/180711-8-204x300.jpg 204w, https:\/\/www.oaxaca.gob.mx\/ageo\/wp-content\/uploads\/sites\/62\/2019\/12\/180711-8-768x1128.jpg 768w, https:\/\/www.oaxaca.gob.mx\/ageo\/wp-content\/uploads\/sites\/62\/2019\/12\/180711-8-697x1024.jpg 697w, https:\/\/www.oaxaca.gob.mx\/ageo\/wp-content\/uploads\/sites\/62\/2019\/12\/180711-8.jpg 1353w\" sizes=\"auto, (max-width: 408px) 100vw, 408px\" \/>[\/lightbox]<\/div>\n<p>Como se puede observar Porfirio D\u00edaz fue reelecto, tuvo un periodo menos que Santa Anna, en 7 ocasiones fue electo, manteni\u00e9ndose en el poder por 30 a\u00f1os, tres meses y 20 d\u00edas. Su periodo presidencial fue de 1876 a 1911 y \u00e9ste \u00fanicamente fue interrumpido entre 1880 y 1884, cuando ocup\u00f3 el cargo Manuel Gonz\u00e1lez.<\/p>\n<p>Gracias a la informaci\u00f3n que existe en el Archivo Hist\u00f3rico del AGEO, vivimos las etapas de una elecci\u00f3n y los procesos que llevan, los cambios que hoy en d\u00eda no est\u00e1n, como las actas de instalaci\u00f3n, boletas electorales, los votos hacia un candidato, el tipo de propaganda antes era cartelones en papel y los nombres de los partidos pol\u00edticos. Uno de ellos era el Partido Anti reeleccionista, fundado en 1909 por Francisco I. Madero y un conjunto de individuos que estaban en desacuerdo con el reeleccionismo de Porfirio D\u00edaz.<\/p>\n<div style=\"text-align: center\">[lightbox type=\u00bbimage\u00bb src=\u00bbhttps:\/\/www.oaxaca.gob.mx\/ageo\/wp-content\/uploads\/sites\/62\/2019\/12\/180711-9.jpg\u00bb class=\u00bbtext_align: center\u00bb]<img loading=\"lazy\" decoding=\"async\" class=\"alignnone wp-image-4724 size-large\" src=\"https:\/\/www.oaxaca.gob.mx\/ageo\/wp-content\/uploads\/sites\/62\/2019\/12\/180711-9-1024x645.jpg\" alt=\"\" width=\"1024\" height=\"645\" srcset=\"https:\/\/www.oaxaca.gob.mx\/ageo\/wp-content\/uploads\/sites\/62\/2019\/12\/180711-9-1024x645.jpg 1024w, https:\/\/www.oaxaca.gob.mx\/ageo\/wp-content\/uploads\/sites\/62\/2019\/12\/180711-9-300x189.jpg 300w, https:\/\/www.oaxaca.gob.mx\/ageo\/wp-content\/uploads\/sites\/62\/2019\/12\/180711-9-768x484.jpg 768w, https:\/\/www.oaxaca.gob.mx\/ageo\/wp-content\/uploads\/sites\/62\/2019\/12\/180711-9.jpg 2048w\" sizes=\"auto, (max-width: 1024px) 100vw, 1024px\" \/>[\/lightbox]<\/div>\n<p>Conociendo la importancia del poder emitir el voto a favor de cada uno de los candidatos, queda en nuestras manos elegir qui\u00e9n nos representara en el Gobierno y nos conducir\u00e1 a buenos o malos resultados.<\/p>\n<p>Sin archivos ordenados no hay transparencia, ni historia, ni cultura. Las y los invitamos a conocer estos tesoros documentales en el Archivo General del Estado de Oaxaca.<\/p>\n","protected":false},"excerpt":{"rendered":"<p>ARCHIVO GENERAL DEL ESTADO DE OAXACA \u00bfC\u00d3MO ERAN LAS ELECCIONES EN EL SIGLO XX? Por Aracely Rodr\u00edguez Gasga Se han preguntado, \u00bfqu\u00e9 son las elecciones pol\u00edticas? son los procesos electorales mediante los cuales se renuevan los poderes federales de elecci\u00f3n popular, que son el Poder Ejecutivo y el Poder Legislativo. En el Poder Ejecutivo se [&hellip;]<\/p>\n","protected":false},"author":69,"featured_media":4724,"comment_status":"open","ping_status":"open","sticky":false,"template":"","format":"standard","meta":{"episode_type":"","audio_file":"","podmotor_file_id":"","podmotor_episode_id":"","cover_image":"","cover_image_id":"","duration":"","filesize":"","filesize_raw":"","date_recorded":"","explicit":"","block":"","itunes_episode_number":"","itunes_title":"","itunes_season_number":"","itunes_episode_type":"","footnotes":""},"categories":[9,11],"tags":[],"class_list":["post-4715","post","type-post","status-publish","format-standard","has-post-thumbnail","hentry","category-noticias","category-publicaciones"],"acf":[],"publishpress_future_action":{"enabled":false,"date":"2026-05-10 02:49:52","action":"change-status","newStatus":"draft","terms":[],"taxonomy":"category","extraData":[]},"publishpress_future_workflow_manual_trigger":{"enabledWorkflows":[]},"_links":{"self":[{"href":"https:\/\/www.oaxaca.gob.mx\/ageo\/wp-json\/wp\/v2\/posts\/4715","targetHints":{"allow":["GET"]}}],"collection":[{"href":"https:\/\/www.oaxaca.gob.mx\/ageo\/wp-json\/wp\/v2\/posts"}],"about":[{"href":"https:\/\/www.oaxaca.gob.mx\/ageo\/wp-json\/wp\/v2\/types\/post"}],"author":[{"embeddable":true,"href":"https:\/\/www.oaxaca.gob.mx\/ageo\/wp-json\/wp\/v2\/users\/69"}],"replies":[{"embeddable":true,"href":"https:\/\/www.oaxaca.gob.mx\/ageo\/wp-json\/wp\/v2\/comments?post=4715"}],"version-history":[{"count":3,"href":"https:\/\/www.oaxaca.gob.mx\/ageo\/wp-json\/wp\/v2\/posts\/4715\/revisions"}],"predecessor-version":[{"id":4727,"href":"https:\/\/www.oaxaca.gob.mx\/ageo\/wp-json\/wp\/v2\/posts\/4715\/revisions\/4727"}],"wp:featuredmedia":[{"embeddable":true,"href":"https:\/\/www.oaxaca.gob.mx\/ageo\/wp-json\/wp\/v2\/media\/4724"}],"wp:attachment":[{"href":"https:\/\/www.oaxaca.gob.mx\/ageo\/wp-json\/wp\/v2\/media?parent=4715"}],"wp:term":[{"taxonomy":"category","embeddable":true,"href":"https:\/\/www.oaxaca.gob.mx\/ageo\/wp-json\/wp\/v2\/categories?post=4715"},{"taxonomy":"post_tag","embeddable":true,"href":"https:\/\/www.oaxaca.gob.mx\/ageo\/wp-json\/wp\/v2\/tags?post=4715"}],"curies":[{"name":"wp","href":"https:\/\/api.w.org\/{rel}","templated":true}]}}