{"id":4519,"date":"2018-02-19T13:43:53","date_gmt":"2018-02-19T19:43:53","guid":{"rendered":"https:\/\/www.oaxaca.gob.mx\/ageo\/?p=4519"},"modified":"2019-12-10T14:14:12","modified_gmt":"2019-12-10T20:14:12","slug":"instruccion-militar-en-oaxaca-en-el-siglo-xix","status":"publish","type":"post","link":"https:\/\/www.oaxaca.gob.mx\/ageo\/instruccion-militar-en-oaxaca-en-el-siglo-xix\/","title":{"rendered":"Instrucci\u00f3n militar en Oaxaca en el siglo XIX"},"content":{"rendered":"<h2 style=\"text-align: center\"><b>ARCHIVO GENERAL DEL ESTADO DE OAXACA<\/b><\/h2>\n<h1 style=\"text-align: center\"><b>INSTRUCCI\u00d3N MILITAR EN OAXACA EN EL SIGLO XIX<\/b><\/h1>\n<p style=\"text-align: right\">Por <b><strong>Jacobo Babines L\u00f3pez<\/strong><\/b><\/p>\n<p>En el Archivo Hist\u00f3rico del Archivo General del Estado de Oaxaca, se encuentra el fondo Milicia que tiene documentaci\u00f3n que data de 1800 a 1950, resguardada en 724 cajas AG12, conformado por 5960 expedientes. Este fondo contiene documentos que dan cuenta de la administraci\u00f3n de las fuerzas armadas: reclutamiento, manejo de personal, control de suministros y la direcci\u00f3n de las dependencias a su cargo.<\/p>\n<p>Dentro de la secci\u00f3n Administrativa, serie Informes, subserie Instrucci\u00f3n militar, hallamos un documento referente al <i><em>Plan de instrucci\u00f3n militar<\/em><\/i>, elaborado el 2 de enero de 1851, por Manuel Amoyasa. En el que especifica que en la Academia se dar\u00e1 instrucci\u00f3n a los se\u00f1ores oficiales, de las doce a las dos de la tarde, a los sargentos y cabos, de las siete a las ocho de la noche y a las tropas sobre el terreno, de las seis a las ocho de la ma\u00f1ana.<\/p>\n<div style=\"text-align: center\">[lightbox type=\u00bbimage\u00bb src=\u00bbhttps:\/\/www.oaxaca.gob.mx\/ageo\/wp-content\/uploads\/sites\/62\/2019\/12\/180219-1.jpg\u00bb class=\u00bbtext_align: center\u00bb]<img loading=\"lazy\" decoding=\"async\" src=\"https:\/\/www.oaxaca.gob.mx\/ageo\/wp-content\/uploads\/sites\/62\/2019\/12\/180219-1-198x300.jpg\" alt=\"\" width=\"198\" height=\"300\" class=\"alignnone size-medium wp-image-4520\" srcset=\"https:\/\/www.oaxaca.gob.mx\/ageo\/wp-content\/uploads\/sites\/62\/2019\/12\/180219-1-198x300.jpg 198w, https:\/\/www.oaxaca.gob.mx\/ageo\/wp-content\/uploads\/sites\/62\/2019\/12\/180219-1.jpg 632w\" sizes=\"auto, (max-width: 198px) 100vw, 198px\" \/>[\/lightbox]<\/div>\n<p>Manifiesta los materiales que se usar\u00e1n para la ense\u00f1anza: <i><em>para la cuesti\u00f3n T\u00e1ctica, se ver\u00e1n del T\u00edtulo 1\u00ba al 6\u00ba del a\u00f1o de 1812, mandando a observar por la plana mayor del ej\u00e9rcito. De la 1\u00aa a la 6\u00aa secci\u00f3n de la boca de mando del Capit\u00e1n Ordo\u00f1ez. Las explicaciones de las l\u00e1minas relativas al tratado de ejercicios y maniobras de la infanter\u00eda a trav\u00e9s del Manual de Gu\u00edas.<\/em><\/i><\/p>\n<p>En la cuesti\u00f3n de la Ordenanza, se abordar\u00e1n <i><em>todas las obligaciones de las clases de soldado, al coronel. Honores, tratamientos, servicio de guarnici\u00f3n, destacamentos, ordenes generales, pr\u00e1ctica de servicio de campa\u00f1a, cr\u00edmenes militares y comunes y penas que a ellos corresponden, marchas de guerra, revistas de comisario, \u00f3rdenes generales para oficiales, documentos, manejo interior de compa\u00f1\u00edas y lo conducente a oficiales subalterno<\/em>s<\/i>.<\/p>\n<div style=\"text-align: center\">[lightbox type=\u00bbimage\u00bb src=\u00bbhttps:\/\/www.oaxaca.gob.mx\/ageo\/wp-content\/uploads\/sites\/62\/2019\/12\/180219-2.jpg\u00bb class=\u00bbtext_align: center\u00bb]<img loading=\"lazy\" decoding=\"async\" src=\"https:\/\/www.oaxaca.gob.mx\/ageo\/wp-content\/uploads\/sites\/62\/2019\/12\/180219-2-209x300.jpg\" alt=\"\" width=\"209\" height=\"300\" class=\"alignnone size-medium wp-image-4521\" srcset=\"https:\/\/www.oaxaca.gob.mx\/ageo\/wp-content\/uploads\/sites\/62\/2019\/12\/180219-2-209x300.jpg 209w, https:\/\/www.oaxaca.gob.mx\/ageo\/wp-content\/uploads\/sites\/62\/2019\/12\/180219-2.jpg 669w\" sizes=\"auto, (max-width: 209px) 100vw, 209px\" \/>[\/lightbox]<\/div>\n<p>Se recomienda la lectura de las obras de militares c\u00e9lebres, como el compendio de los veinte libros \u201cReflexiones Militares\u201d de \u00c1lvaro Jos\u00e9 de Navia Osorio y Vigil de la R\u00faa, III Marqu\u00e9s de Santa Cruz de Marcenado (1684-1732), Preceptos de la guerra por Evaristo Fern\u00e1ndez de San Miguel y Valledor (1785-1862), Breve indicaci\u00f3n sobre la organizaci\u00f3n del ej\u00e9rcito permanente, contra\u00edda particularmente a la infanter\u00eda y la caballer\u00eda (Madrid, 1821), e instrucciones del Coronel brigadier Juan Jos\u00e9 San Llorente.<\/p>\n<p>En ese mismo expediente encontramos un informe que reporta Jos\u00e9 Mar\u00eda Conchado, donde manifiesta la instrucci\u00f3n militar que se dio del 20 de septiembre al 31 de diciembre de 1851, en el Batall\u00f3n Guerrero, instalado en el municipio de Tehuantepec, Oaxaca.<\/p>\n<p>Asienta que en septiembre se hicieron 10 ejercicios por compa\u00f1\u00edas y 8 generales. En octubre se hicieron 18 ejercicios generales, mandados por el Sr. Jefe de la secci\u00f3n. En noviembre se hicieron 27 ejercicios generales, 18 mandados por el Sr. Jefe de la secci\u00f3n, 1 por el Sr. Comandante del 7\u00ba Don Miguel Camargo y 8 por Jos\u00e9 Mar\u00eda Conchado. En diciembre no se hizo ninguna por hallarse ocupada la tropa en destacamentos y partidas.<\/p>\n<div style=\"text-align: center\">[lightbox type=\u00bbimage\u00bb src=\u00bbhttps:\/\/www.oaxaca.gob.mx\/ageo\/wp-content\/uploads\/sites\/62\/2019\/12\/180219-3.jpg\u00bb class=\u00bbtext_align: center\u00bb]<img loading=\"lazy\" decoding=\"async\" src=\"https:\/\/www.oaxaca.gob.mx\/ageo\/wp-content\/uploads\/sites\/62\/2019\/12\/180219-3-198x300.jpg\" alt=\"\" width=\"198\" height=\"300\" class=\"alignnone size-medium wp-image-4522\" srcset=\"https:\/\/www.oaxaca.gob.mx\/ageo\/wp-content\/uploads\/sites\/62\/2019\/12\/180219-3-198x300.jpg 198w, https:\/\/www.oaxaca.gob.mx\/ageo\/wp-content\/uploads\/sites\/62\/2019\/12\/180219-3.jpg 634w\" sizes=\"auto, (max-width: 198px) 100vw, 198px\" \/>[\/lightbox]<\/div>\n<p>Manifiesta que la fuerza se halla instru\u00edda en las evoluciones de t\u00e1ctica de batall\u00f3n y en el ejercicio de artiller\u00eda. La compa\u00f1\u00eda de tiradores se ha entrenado en el ejercicio de guerrilla. Los oficiales tienen instrucci\u00f3n pr\u00e1ctica en ordenanza y t\u00e1ctica, adem\u00e1s que en las Academias se instruir\u00e1n en formaci\u00f3n de causas, modo de correr con compa\u00f1\u00eda o papelera, para cuyo efecto, se han solicitado las obras competentes.<\/p>\n<p>La Academia de Sargentos y Cabos estaba a cargo del Teniente Don Francisco Arango. A los soldados se les instru\u00eda los d\u00edas s\u00e1bados, donde se les le\u00edan las leyes penales y todos los d\u00edas, la obligaci\u00f3n del soldado, explic\u00e1ndoles las tareas y obligaciones del puesto de centinela en los diversos casos en que se encontraran ya sea en guarnici\u00f3n o en compa\u00f1\u00eda.<\/p>\n<p>Es palpable en estos documentos la importancia de la instrucci\u00f3n militar de las personas que entraban a la milicia en el siglo XIX, la cual se daba en las Academias, recalc\u00e1ndose las materias: t\u00e1ctica, ordenanzas y leyendo obras militares de la \u00e9poca que reforzaran sus conocimientos, de esta manera se buscaba la profesionalizaci\u00f3n de las fuerzas armadas.<\/p>\n<div style=\"text-align: center\">[lightbox type=\u00bbimage\u00bb src=\u00bbhttps:\/\/www.oaxaca.gob.mx\/ageo\/wp-content\/uploads\/sites\/62\/2019\/12\/180219-4.jpg\u00bb class=\u00bbtext_align: center\u00bb]<img loading=\"lazy\" decoding=\"async\" src=\"https:\/\/www.oaxaca.gob.mx\/ageo\/wp-content\/uploads\/sites\/62\/2019\/12\/180219-4-205x300.jpg\" alt=\"\" width=\"205\" height=\"300\" class=\"alignnone size-medium wp-image-4523\" srcset=\"https:\/\/www.oaxaca.gob.mx\/ageo\/wp-content\/uploads\/sites\/62\/2019\/12\/180219-4-205x300.jpg 205w, https:\/\/www.oaxaca.gob.mx\/ageo\/wp-content\/uploads\/sites\/62\/2019\/12\/180219-4.jpg 655w\" sizes=\"auto, (max-width: 205px) 100vw, 205px\" \/>[\/lightbox]<\/div>\n<p>El fondo de Milicia es uno de los m\u00e1s ricos en informaci\u00f3n pero poco consultados, vis\u00edtenos y conozca c\u00f3mo se desarrollaron las Guardias Nacionales en los Estados, hasta la conformaci\u00f3n del Ejercito Nacional.<\/p>\n<p>Sin archivos ordenados no hay cultura, ni historia, ni transparencia. Los invitamos a conocer este y otros testimonios documentales del Archivo General del Estado de Oaxaca.<\/p>\n","protected":false},"excerpt":{"rendered":"<p>ARCHIVO GENERAL DEL ESTADO DE OAXACA INSTRUCCI\u00d3N MILITAR EN OAXACA EN EL SIGLO XIX Por Jacobo Babines L\u00f3pez En el Archivo Hist\u00f3rico del Archivo General del Estado de Oaxaca, se encuentra el fondo Milicia que tiene documentaci\u00f3n que data de 1800 a 1950, resguardada en 724 cajas AG12, conformado por 5960 expedientes. Este fondo contiene [&hellip;]<\/p>\n","protected":false},"author":69,"featured_media":4521,"comment_status":"open","ping_status":"open","sticky":false,"template":"","format":"standard","meta":{"episode_type":"","audio_file":"","podmotor_file_id":"","podmotor_episode_id":"","cover_image":"","cover_image_id":"","duration":"","filesize":"","filesize_raw":"","date_recorded":"","explicit":"","block":"","itunes_episode_number":"","itunes_title":"","itunes_season_number":"","itunes_episode_type":"","footnotes":""},"categories":[9,11],"tags":[],"class_list":["post-4519","post","type-post","status-publish","format-standard","has-post-thumbnail","hentry","category-noticias","category-publicaciones"],"acf":[],"publishpress_future_action":{"enabled":false,"date":"2026-05-08 04:58:06","action":"change-status","newStatus":"draft","terms":[],"taxonomy":"category","extraData":[]},"publishpress_future_workflow_manual_trigger":{"enabledWorkflows":[]},"_links":{"self":[{"href":"https:\/\/www.oaxaca.gob.mx\/ageo\/wp-json\/wp\/v2\/posts\/4519","targetHints":{"allow":["GET"]}}],"collection":[{"href":"https:\/\/www.oaxaca.gob.mx\/ageo\/wp-json\/wp\/v2\/posts"}],"about":[{"href":"https:\/\/www.oaxaca.gob.mx\/ageo\/wp-json\/wp\/v2\/types\/post"}],"author":[{"embeddable":true,"href":"https:\/\/www.oaxaca.gob.mx\/ageo\/wp-json\/wp\/v2\/users\/69"}],"replies":[{"embeddable":true,"href":"https:\/\/www.oaxaca.gob.mx\/ageo\/wp-json\/wp\/v2\/comments?post=4519"}],"version-history":[{"count":1,"href":"https:\/\/www.oaxaca.gob.mx\/ageo\/wp-json\/wp\/v2\/posts\/4519\/revisions"}],"predecessor-version":[{"id":4524,"href":"https:\/\/www.oaxaca.gob.mx\/ageo\/wp-json\/wp\/v2\/posts\/4519\/revisions\/4524"}],"wp:featuredmedia":[{"embeddable":true,"href":"https:\/\/www.oaxaca.gob.mx\/ageo\/wp-json\/wp\/v2\/media\/4521"}],"wp:attachment":[{"href":"https:\/\/www.oaxaca.gob.mx\/ageo\/wp-json\/wp\/v2\/media?parent=4519"}],"wp:term":[{"taxonomy":"category","embeddable":true,"href":"https:\/\/www.oaxaca.gob.mx\/ageo\/wp-json\/wp\/v2\/categories?post=4519"},{"taxonomy":"post_tag","embeddable":true,"href":"https:\/\/www.oaxaca.gob.mx\/ageo\/wp-json\/wp\/v2\/tags?post=4519"}],"curies":[{"name":"wp","href":"https:\/\/api.w.org\/{rel}","templated":true}]}}