{"id":4182,"date":"2019-09-03T10:21:51","date_gmt":"2019-09-03T15:21:51","guid":{"rendered":"https:\/\/www.oaxaca.gob.mx\/ageo\/?p=4182"},"modified":"2020-01-16T16:04:15","modified_gmt":"2020-01-16T22:04:15","slug":"el-valor-de-la-memoria","status":"publish","type":"post","link":"https:\/\/www.oaxaca.gob.mx\/ageo\/el-valor-de-la-memoria\/","title":{"rendered":"El valor de la memoria"},"content":{"rendered":"<h2 style=\"text-align: center\"><b>ARCHIVO GENERAL DEL ESTADO DE OAXACA<\/b><\/h2>\n<h1 style=\"text-align: center\"><b>EL VALOR DE LA MEMORIA<\/b><\/h1>\n<p style=\"text-align: right\">Por <b><strong>Jacobo Babines L\u00f3pez<\/strong><\/b><\/p>\n<p>Cuando se habla de memoria, se hace referencia a la capacidad de recordar lo que fue vivido. De manera general, la memoria se construye a lo largo del tiempo a partir de las vivencias cotidianas pero tambi\u00e9n, de cosas que no realizamos directamente pues muchas veces se recuerdan hechos o eventos que no fueron experimentados, pero son importantes para la construcci\u00f3n de la memoria de una regi\u00f3n, de una localidad, de un pueblo o de una naci\u00f3n.<\/p>\n<p>De acuerdo a D\u00e9bora Adriano Sampaio \u201cla memoria puede entenderse por la capacidad que tiene el ser humano de retener los hechos y las experiencias vivenciadas en el pasado, para trasmitirlas a las nuevas generaciones a trav\u00e9s de diferentes soportes como el lenguaje, la m\u00fasica, las im\u00e1genes, los objetos, los documentos, etc.\u201d Para Jacques Le Goff, \u201cla memoria representa la conservaci\u00f3n de informaciones individuales o colectivas de determinados hechos, acontecimientos, situaciones, reelaboradas constantemente.\u201d<\/p>\n[custom_gallery source=\u00bbmedia: 4183&#8243; limit=\u00bb2&#8243; link=\u00bblightbox\u00bb width=\u00bb800&#8243; height=\u00bb600&#8243; title=\u00bbalways\u00bb]\n<p>Todo esto se manifiesta de alguna manera con la Ley General de Archivos, publicada el 15 de junio de 2018. En el Art\u00edculo 9, considera a los documentos p\u00fablicos de los sujetos obligados con un doble car\u00e1cter: son bienes nacionales con la categor\u00eda de bienes muebles y son monumentos hist\u00f3ricos con la categor\u00eda de bien patrimonial documental, bienes que resguardan la memoria de nuestra Naci\u00f3n.<\/p>\n<p>Hay que considerar que los Archivos repercuten e influyen en la generaci\u00f3n de la memoria, identidad y pertenencia de un conglomerado social y una cultura com\u00fan. Las fuentes documentales, evidenciadas en el patrimonio documental de las instituciones, forman el testimonio tangible de sus antecedentes culturales, as\u00ed como la necesidad de un proyecto integrador que involucre el rescate del patrimonio documental y su difusi\u00f3n social. Los procesos que se realizan desde los Archivos favorecen el rescate, la organizaci\u00f3n, conservaci\u00f3n y difusi\u00f3n de la riqueza cultural y del patrimonio documental y con ello, la memoria e identidad de las naciones.<\/p>\n[custom_gallery source=\u00bbmedia: 4184&#8243; limit=\u00bb2&#8243; link=\u00bblightbox\u00bb width=\u00bb640&#8243; height=\u00bb780&#8243; title=\u00bbalways\u00bb]\n<p>El rescate y protecci\u00f3n del patrimonio documental y por consiguiente, de la memoria e identidad, es una tarea multidisciplinar que requiere la colaboraci\u00f3n de los profesionales, autoridades, p\u00fablico y usuarios en general. En este sentido, los Archivos fomentan la socializaci\u00f3n de la memoria documental.<\/p>\n<p>Este patrimonio es una construcci\u00f3n socio-cultural, pues est\u00e1 asociada a la percepci\u00f3n del paso del tiempo y de la necesidad de retenerlo materialmente, a trav\u00e9s de documentos que registren los acontecimientos del pasado y que necesitan ser recordados por la trascendencia social que disponen. Son precisamente en estas construcciones socioculturales en las que se sustentan, que se construye y reconstruye la memoria y con ella, la identidad cultural. Es en este escenario donde los Archivos intervienen, d\u00e1ndole tratamiento a las construcciones socioculturales en forma de documentos.<\/p>\n<p>Muestra de ello son los documentos que se resguardan en el Archivo Hist\u00f3rico del AGEO, como la Carta General del Estado de Oaxaca, formada por la Comisi\u00f3n Geogr\u00e1fica-Exploradora que labor\u00f3 en 1912, y publicada por la Direcci\u00f3n de Estudios Geogr\u00e1ficos y Climatol\u00f3gicos en 1916. Este mapa nos proporciona informaci\u00f3n de los ferrocarriles, campos petroleros, caminos de transporte, rutas a\u00e9reas, adem\u00e1s de la orograf\u00eda de esta entidad, ilustrado con varios colores, que nos da una idea del uso y espacio del territorio en que vivimos.<\/p>\n[custom_gallery source=\u00bbmedia: 4185&#8243; limit=\u00bb2&#8243; link=\u00bblightbox\u00bb width=\u00bb640&#8243; height=\u00bb710&#8243; title=\u00bbalways\u00bb]\n<p>La Real Provisi\u00f3n Ordinaria del a\u00f1o 1672, da seguimiento al pedimento de Do\u00f1a Antonia Mar\u00eda de Z\u00fa\u00f1iga, vecina de la ciudad de Antequera del Valle de Oaxaca, \u201cpara que se le entregue una negra su esclava, que ha huido de su lado, llev\u00e1ndose a una negrita hija suya\u201d. Las cuales fueron localizadas y devueltas a Do\u00f1a Antonia, como su leg\u00edtima due\u00f1a. Este documento nos rememora cuando la esclavitud era una acci\u00f3n permitida en lo social, pol\u00edtico, como por preceptos religiosos.<\/p>\n<p>Tambi\u00e9n se resguardan los planos del Teatro Casino Luis Mier y Ter\u00e1n, elaborados en 1908, por la compa\u00f1\u00eda Arthur Frantzen, en la ciudad de M\u00e9xico. En ellos se aprecia el acceso, escaleras, palcos y el escenario que lo conforman, antecedentes arquitect\u00f3nicos e hist\u00f3ricos del actual Teatro Macedonio Alcal\u00e1, patrimonio de nuestro estado.<\/p>\n<p>Por \u00faltimo, mencionamos la memoria de los linderos de Tutepetongo, Teposcolula, del a\u00f1o 1768, \u201cpintura sacada de su original que por ser muy antiguo est\u00e1 muy roto\u201d, misma que presenta el cacique Bartolom\u00e9 de Avenda\u00f1o como prueba de la posesi\u00f3n de estas tierras, dentro del proceso que sigue con las otras partes interesadas.<\/p>\n[custom_gallery source=\u00bbmedia: 4186&#8243; limit=\u00bb2&#8243; link=\u00bblightbox\u00bb width=\u00bb480&#8243; height=\u00bb640&#8243; title=\u00bbalways\u00bb]\n<p>Todos estos documentos son testimonios resguardados en el Archivo Hist\u00f3rico del AGEO, pero que requieren ser consultados para ser parte de la memoria de nuestro Estado y a la vez, si se da el caso, sean considerados como parte de nuestra identidad. Por esta raz\u00f3n los invitamos a consultar nuestros fondos documentales, donde encontramos verdaderos tesoros que est\u00e1n a su disposici\u00f3n para rescatar la Memoria de nuestra patria chica.<\/p>\n","protected":false},"excerpt":{"rendered":"<p>ARCHIVO GENERAL DEL ESTADO DE OAXACA EL VALOR DE LA MEMORIA Por Jacobo Babines L\u00f3pez Cuando se habla de memoria, se hace referencia a la capacidad de recordar lo que fue vivido. De manera general, la memoria se construye a lo largo del tiempo a partir de las vivencias cotidianas pero tambi\u00e9n, de cosas que [&hellip;]<\/p>\n","protected":false},"author":69,"featured_media":4183,"comment_status":"open","ping_status":"open","sticky":false,"template":"","format":"standard","meta":{"episode_type":"","audio_file":"","podmotor_file_id":"","podmotor_episode_id":"","cover_image":"","cover_image_id":"","duration":"","filesize":"","filesize_raw":"","date_recorded":"","explicit":"","block":"","itunes_episode_number":"","itunes_title":"","itunes_season_number":"","itunes_episode_type":"","footnotes":""},"categories":[9,11],"tags":[],"class_list":["post-4182","post","type-post","status-publish","format-standard","has-post-thumbnail","hentry","category-noticias","category-publicaciones"],"acf":[],"publishpress_future_action":{"enabled":false,"date":"2026-05-08 04:30:49","action":"change-status","newStatus":"draft","terms":[],"taxonomy":"category","extraData":[]},"publishpress_future_workflow_manual_trigger":{"enabledWorkflows":[]},"_links":{"self":[{"href":"https:\/\/www.oaxaca.gob.mx\/ageo\/wp-json\/wp\/v2\/posts\/4182","targetHints":{"allow":["GET"]}}],"collection":[{"href":"https:\/\/www.oaxaca.gob.mx\/ageo\/wp-json\/wp\/v2\/posts"}],"about":[{"href":"https:\/\/www.oaxaca.gob.mx\/ageo\/wp-json\/wp\/v2\/types\/post"}],"author":[{"embeddable":true,"href":"https:\/\/www.oaxaca.gob.mx\/ageo\/wp-json\/wp\/v2\/users\/69"}],"replies":[{"embeddable":true,"href":"https:\/\/www.oaxaca.gob.mx\/ageo\/wp-json\/wp\/v2\/comments?post=4182"}],"version-history":[{"count":2,"href":"https:\/\/www.oaxaca.gob.mx\/ageo\/wp-json\/wp\/v2\/posts\/4182\/revisions"}],"predecessor-version":[{"id":4188,"href":"https:\/\/www.oaxaca.gob.mx\/ageo\/wp-json\/wp\/v2\/posts\/4182\/revisions\/4188"}],"wp:featuredmedia":[{"embeddable":true,"href":"https:\/\/www.oaxaca.gob.mx\/ageo\/wp-json\/wp\/v2\/media\/4183"}],"wp:attachment":[{"href":"https:\/\/www.oaxaca.gob.mx\/ageo\/wp-json\/wp\/v2\/media?parent=4182"}],"wp:term":[{"taxonomy":"category","embeddable":true,"href":"https:\/\/www.oaxaca.gob.mx\/ageo\/wp-json\/wp\/v2\/categories?post=4182"},{"taxonomy":"post_tag","embeddable":true,"href":"https:\/\/www.oaxaca.gob.mx\/ageo\/wp-json\/wp\/v2\/tags?post=4182"}],"curies":[{"name":"wp","href":"https:\/\/api.w.org\/{rel}","templated":true}]}}