{"id":4029,"date":"2019-04-08T10:18:43","date_gmt":"2019-04-08T15:18:43","guid":{"rendered":"https:\/\/www.oaxaca.gob.mx\/ageo\/?p=4029"},"modified":"2019-10-23T10:28:22","modified_gmt":"2019-10-23T15:28:22","slug":"evaluar-para-conservar-prevenir-para-no-restaurar","status":"publish","type":"post","link":"https:\/\/www.oaxaca.gob.mx\/ageo\/evaluar-para-conservar-prevenir-para-no-restaurar\/","title":{"rendered":"Evaluar para conservar, prevenir para no restaurar."},"content":{"rendered":"<h2 style=\"text-align: center\"><b>ARCHIVO GENERAL DEL ESTADO DE OAXACA<\/b><\/h2>\n<h1 style=\"text-align: center\"><b>EVALUAR PARA CONSERVAR, PREVENIR PARA NO RESTAURAR.<\/b><\/h1>\n<p style=\"text-align: right\">Por <b><strong>Rossana Sierra Espinoza<\/strong><\/b><\/p>\n<p>La Conservaci\u00f3n es el acto responsable que comprende el conjunto de medidas y operaciones programadas y destinadas a garantizar la preservaci\u00f3n de un objeto, aceptando su declive natural, sin alterar su capacidad simb\u00f3lica o de transmisi\u00f3n de valores.<\/p>\n<p>Por su parte, la restauraci\u00f3n es la actividad de la conservaci\u00f3n, que se ocupa de intervenir directamente sobre los objetos cuando los medios preventivos no han sido suficientes para mantenerlos en buen estado. Aplica los tratamientos necesarios para frenar los procesos de alteraci\u00f3n patol\u00f3gicos, no solventables por otros medios, as\u00ed como subsanar los da\u00f1os que presenten y con ello permitir la pervivencia de los bienes culturales, es decir, aquellos con un valor para la sociedad.<\/p>\n<p>Surgida con el prop\u00f3sito de la recuperaci\u00f3n est\u00e9tica ligada al gusto de cada una de las \u00e9pocas, la pr\u00e1ctica de la restauraci\u00f3n se ha adaptado alternativamente a las necesidades particulares e institucionales, evolucionando a su vez bajo un perfil tecnol\u00f3gico, filol\u00f3gico y \u00e9tico. Ha pasado de ser una actividad meramente artesanal, a una disciplina que exige, adem\u00e1s de la capacidad t\u00e9cnica del restaurador, conocimientos hist\u00f3rico-art\u00edsticos y cient\u00edficos sobre materiales, factores de degradaci\u00f3n y de conservaci\u00f3n; cuyos planteamientos han de hacerse desde una perspectiva interdisciplinaria.<\/p>\n<p>Conservar es una de las funciones b\u00e1sicas de bibliotecas y archivos, y es uno de los ejes rectores del Archivo General del Estado de Oaxaca, junto a los de organizar y difundir. La conservaci\u00f3n garantiza que la difusi\u00f3n pueda mantenerse para el mayor n\u00famero de generaciones posibles, pues sin ella no es posible el acceso y este car\u00e1cter esencial, determina que en todas las actividades del archivo deba ser tomada en cuenta.<\/p>\n<p>Para conservar hay dos caminos: la prevenci\u00f3n del deterioro, campo de estudio de la Conservaci\u00f3n Preventiva; y la reparaci\u00f3n del da\u00f1o, campo de actuaci\u00f3n de la Restauraci\u00f3n y\/o Conservaci\u00f3n Curativa. La prevenci\u00f3n siempre ser\u00e1 la m\u00e1s deseable, antes de que el da\u00f1o ocurra y deba ser solventado, o no, en el caso de que \u00e9ste sea irreversible.<\/p>\n<p>En todas las actuaciones aplicadas a los bienes documentales, ha de evaluarse el impacto de cualquier decisi\u00f3n sobre la conservaci\u00f3n de las colecciones. La UNESCO define<a href=\"#_ftn1\" name=\"_ftnref1\">[1]<\/a> a la Conservaci\u00f3n como la actividad cotidiana que debe ser efectuada por todo el personal cada d\u00eda del a\u00f1o y comprende:<\/p>\n<ul>\n<li>La vigilancia estricta sobre el medio ambiente, limpieza, manipulaci\u00f3n, instalaci\u00f3n y condiciones de seguridad.<\/li>\n<li>La revisi\u00f3n peri\u00f3dica del estado de conservaci\u00f3n de los fondos.<\/li>\n<li>Intervenciones sobre los deterioros, ya sean peque\u00f1as reparaciones (sic) <em>\u2013restauraciones<\/em>&#8211; o cuidado de documentos m\u00e1s deteriorados.<\/li>\n<\/ul>\n<p>Los dos primeros puntos corresponden al \u00e1mbito de la Conservaci\u00f3n Preventiva y su evaluaci\u00f3n nos permite identificar factores que pueden causar, detonar o acelerar procesos de deterioro, as\u00ed como reconocer efectos de alteraciones patol\u00f3gicas ya ocurriendo, y con base en ello, aplicar planes y\/o programas correctivos que act\u00faen desde la periferia sin incidencia directa sobre los documentos.<\/p>\n<p>El \u00faltimo punto ata\u00f1e a la restauraci\u00f3n y\/o conservaci\u00f3n curativa, para llegar a \u00e9l es necesaria la evaluaci\u00f3n del estado de conservaci\u00f3n del documento de archivo, con el fin de emitir un diagn\u00f3stico que priorice el o los deterioro(s) que amenazan la pervivencia de sus valores y con ello, decidir la metodolog\u00eda para su intervenci\u00f3n.<\/p>\n<p>En colecciones y m\u00e1s espec\u00edficamente en archivos, la evaluaci\u00f3n es fundamental, pues al ser un conjunto de documentos con antecedentes compartidos de creaci\u00f3n, funci\u00f3n y resguardo, gran parte de ellos tambi\u00e9n tienen un historial cl\u00ednico com\u00fan, es decir, comparten causas, mecanismos y efectos de deterioro.<\/p>\n<p>Al evaluar, registramos datos sobre el estado de conservaci\u00f3n de los documentos, que ser\u00edan equivalentes a los s\u00edntomas f\u00edsicos de una persona enferma. Es necesario analizar sus mecanismos de acci\u00f3n y rastrear sus causas para que el diagn\u00f3stico direccione a la soluci\u00f3n y no s\u00f3lo resulte en un paliativo, en una aspirina.<\/p>\n<p>Una poderosa raz\u00f3n para preponderar la conservaci\u00f3n preventiva sobre la restauraci\u00f3n, es la puramente econ\u00f3mica. Tanto en el \u00e1mbito privado como en el p\u00fablico, el deterioro supone la devaluaci\u00f3n de una colecci\u00f3n, entendiendo esto como una p\u00e9rdida o disminuci\u00f3n de valores, y la restauraci\u00f3n material supone el consumo de muchos recursos materiales y humanos, adem\u00e1s de uno muy valioso, el tiempo. La evaluaci\u00f3n, como medida de conservaci\u00f3n, nos acerca a esa conocida m\u00e1xima que dice: <em>es mejor prevenir que, <\/em>en este caso<em>, restaurar<\/em>.<\/p>\n<p><span id=\"gdgallery_editor_code\">\r\n<div class=\"gdgallery-gallery-container\" id=\"gdgallery-container-29\" data-id=\"29\">\r\n    \r\n<div id=\"gdgallery_container_29\" style=\"display:none;\" data-view=\"justified\">\r\n            <a href=\"\" target=\"_blank\">\r\n            <img decoding=\"async\" alt=\"Expediente con deterioros, sujeto a Evaluaci\u00f3n durante un proyecto integral de evaluaci\u00f3n en los fondos Hist\u00f3ricos del AGEO\"\r\n                 data-type=\"image\"\r\n                 src=\"https:\/\/www.oaxaca.gob.mx\/ageo\/wp-content\/uploads\/sites\/62\/2019\/10\/2-6.jpg\"\r\n                 data-image=\"https:\/\/www.oaxaca.gob.mx\/ageo\/wp-content\/uploads\/sites\/62\/2019\/10\/2-6.jpg\"\r\n                 data-description=\"Expediente con deterioros, sujeto a Evaluaci\u00f3n durante un proyecto integral de evaluaci\u00f3n en los fondos Hist\u00f3ricos del AGEO\"\r\n                                 style=\"display:block\">\r\n        <\/a>\r\n            <a href=\"\" target=\"_blank\">\r\n            <img decoding=\"async\" alt=\"El efecto de deterioro es la ruptura de las hojas causadas por la pupa de un insecto que se alimenta de papel\"\r\n                 data-type=\"image\"\r\n                 src=\"https:\/\/www.oaxaca.gob.mx\/ageo\/wp-content\/uploads\/sites\/62\/2019\/10\/3-5.jpg\"\r\n                 data-image=\"https:\/\/www.oaxaca.gob.mx\/ageo\/wp-content\/uploads\/sites\/62\/2019\/10\/3-5.jpg\"\r\n                 data-description=\"El efecto de deterioro es la ruptura de las hojas causadas por la pupa de un insecto que se alimenta de papel\"\r\n                                 style=\"display:block\">\r\n        <\/a>\r\n            <a href=\"\" target=\"_blank\">\r\n            <img decoding=\"async\" alt=\"Manchas dejadas por la acci\u00f3n de microorganismos y por la oxidaci\u00f3n de un elemento met\u00e1lico en presencia de humedad\"\r\n                 data-type=\"image\"\r\n                 src=\"https:\/\/www.oaxaca.gob.mx\/ageo\/wp-content\/uploads\/sites\/62\/2019\/10\/1-6.jpg\"\r\n                 data-image=\"https:\/\/www.oaxaca.gob.mx\/ageo\/wp-content\/uploads\/sites\/62\/2019\/10\/1-6.jpg\"\r\n                 data-description=\"Manchas dejadas por la acci\u00f3n de microorganismos y por la oxidaci\u00f3n de un elemento met\u00e1lico en presencia de humedad\"\r\n                                 style=\"display:block\">\r\n        <\/a>\r\n    <\/div>\r\n\r\n\r\n\r\n<script type=\"text\/javascript\">\r\n\r\n\r\n    (function() {\r\n        var runMyCode = function() {\r\n            jQuery(document).ready(function () {\r\n                var container = jQuery(\"#gdgallery_container_29\");\r\n                container.unitegallery({\"gallery_theme\":\"justified\",\"tiles_type\":\"justified\",\"tiles_justified_space_between\":10,\"tile_enable_textpanel\":true,\"tile_textpanel_always_on\":true,\"tile_textpanel_title_text_align\":\"center\",\"tile_textpanel_title_font_size\":\"16\",\"tile_textpanel_title_color\":\"#FFFFFF\",\"tile_textpanel_bg_color\":\"#333333\",\"tile_textpanel_bg_opacity\":0.7,\"tile_enable_border\":true,\"tile_border_width\":\"0\",\"tile_border_color\":\"#333333\",\"tile_border_radius\":\"0\",\"tile_enable_overlay\":true,\"tile_enable_image_effect\":true,\"tile_image_effect_type\":\"blur\",\"tile_image_effect_reverse\":true,\"tile_enable_shadow\":false,\"tile_as_link\":false,\"tile_enable_icons\":true,\"tile_show_link_icon\":true,\"tile_textpanel_appear_type\":\"slide\",\"tile_textpanel_position\":\"inside_bottom\",\"tile_link_newpage\":true,\"lightbox_type\":\"wide\",\"lightbox_arrows_offset\":0,\"lightbox_overlay_color\":\"#000000\",\"lightbox_overlay_opacity\":1,\"lightbox_top_panel_opacity\":1,\"lightbox_show_numbers\":true,\"lightbox_numbers_size\":\"15\",\"lightbox_numbers_color\":\"#FFFFFF\",\"lightbox_slider_image_border_width\":\"0\",\"lightbox_slider_image_border_color\":\"#FFFFFF\",\"lightbox_slider_image_border_radius\":0,\"lightbox_slider_image_shadow\":true,\"lightbox_slider_control_swipe\":true,\"lightbox_slider_control_zoom\":true,\"lightbox_slider_image_border\":true,\"lightbox_show_textpanel\":true,\"lightbox_textpanel_enable_title\":true,\"lightbox_textpanel_enable_description\":false,\"lightbox_textpanel_padding_top\":5,\"lightbox_textpanel_padding_bottom\":5,\"lightbox_textpanel_padding_right\":5,\"lightbox_textpanel_padding_left\":5,\"lightbox_textpanel_title_color\":\"#FFFFFF\",\"lightbox_textpanel_title_text_align\":\"center\",\"lightbox_textpanel_title_font_size\":\"16\",\"lightbox_textpanel_desc_color\":\"#FFFFFF\",\"lightbox_textpanel_desc_text_align\":\"center\",\"lightbox_textpanel_desc_font_size\":\"14\"});\r\n            });\r\n        };\r\n        var timer = function() {\r\n            if (window.jQuery) {runMyCode(window.jQuery);}\r\n            else {window.setTimeout(timer, 100);}\r\n        };\r\n        timer();\r\n    })();\r\n<\/script><style>\r\n#gdgallery-container-29 {\r\n   text-align: center}\r\n\r\n.gdgallery-pagination-29{\r\ntext-align: center !important;\r\n}\r\n\r\n.gdgallery-pagination-29 a{\r\n    font-size: 15px !important;\r\n    padding: 8px 13px !important;\r\n    margin: 3px !important;\r\n    border: 1px solid #333333 !important;\r\n    border-radius: 0px !important;\r\n    color: #333333 !important;\r\n    background-color: #FFFFFF !important;\r\n    font-family: monospace !important;\r\n}\r\n\r\n.gdgallery-pagination-29 a:hover, .gdgallery-pagination-29 a.gdgallery-pagination-icon-active{\r\n    color: #FFFFFF !important;\r\n    background-color: #333333 !important;\r\n    border-color: #333333 !important;\r\n}\r\n\r\n#gdgallery-container-29 .gdgallery_load_more_space{\r\n    margin-top: 20px !important;\r\n    text-align: center !important;\r\n}\r\n\r\n#gdgallery-container-29 .gdgallery_load_more_space button{\r\n                      padding: 8px 13px !important;\r\n    font-size: 15px !important;\r\n    background-color: #333333 !important;\r\n    color: #FFFFFF !important;\r\n    border:1px solid #333333 !important;\r\n                      border-radius: 0px !important;\r\n                      font-family: monospace !important;\r\n                  }\r\n#gdgallery-container-29 .gdgallery_load_more_space button:hover{\r\n                      background-color: #FFFFFF !important;\r\n                      color: #333333 !important;\r\n                      border-color: #333333 !important;\r\n                  }\r\n\r\n#gdgallery-container-29 .gdgallery_load_more_space button,\r\n#gdgallery-container-29 .gdgallery_load_more_space button:hover,\r\n#gdgallery-container-29 .gdgallery_load_more_space button:active,\r\n#gdgallery-container-29 .gdgallery_load_more_space button:focus{\r\n    outline: none !important;\r\n}\r\n\r\n\r\n#gdgallery-container-29 .gdgallery_loading li{\r\n                      border: 3px solid #333333 !important;\r\n                  }\r\n\r\n.ug-lightbox .ug-lightbox-top-panel-overlay{\r\n    background-color: #000000 !important;\r\n}\r\n\r\n\r\n                  #gdgallery_container_29{}\r\n<\/style>\r\n\r\n\r\n\r\n<\/div>\r\n\r\n\r\n\r\n\r\n\r\n<\/span><i class=\"fa fa-files-o\" aria-hidden=\"true\"><\/i><\/p>\n<p>&nbsp;<\/p>\n<p><a href=\"#_ftnref1\" name=\"_ftn1\">[1]<\/a> G.M. Cunha. \u201cM\u00e9todos de evaluaci\u00f3n para determinar las necesidades de conservaci\u00f3n en bibliotecas y archivos: un estudio del RAMP\u201d <em>en ingl\u00e9s<\/em>. Paris, UNESCO, 1998, p.8. Disponible en l\u00ednea: www.unesco.org<\/p>\n","protected":false},"excerpt":{"rendered":"<p>ARCHIVO GENERAL DEL ESTADO DE OAXACA EVALUAR PARA CONSERVAR, PREVENIR PARA NO RESTAURAR. Por Rossana Sierra Espinoza La Conservaci\u00f3n es el acto responsable que comprende el conjunto de medidas y operaciones programadas y destinadas a garantizar la preservaci\u00f3n de un objeto, aceptando su declive natural, sin alterar su capacidad simb\u00f3lica o de transmisi\u00f3n de valores. [&hellip;]<\/p>\n","protected":false},"author":69,"featured_media":4031,"comment_status":"open","ping_status":"open","sticky":false,"template":"","format":"standard","meta":{"episode_type":"","audio_file":"","podmotor_file_id":"","podmotor_episode_id":"","cover_image":"","cover_image_id":"","duration":"","filesize":"","filesize_raw":"","date_recorded":"","explicit":"","block":"","itunes_episode_number":"","itunes_title":"","itunes_season_number":"","itunes_episode_type":"","footnotes":""},"categories":[9,11],"tags":[],"class_list":["post-4029","post","type-post","status-publish","format-standard","has-post-thumbnail","hentry","category-noticias","category-publicaciones"],"acf":[],"publishpress_future_action":{"enabled":false,"date":"2026-05-10 10:36:14","action":"change-status","newStatus":"draft","terms":[],"taxonomy":"category","extraData":[]},"publishpress_future_workflow_manual_trigger":{"enabledWorkflows":[]},"_links":{"self":[{"href":"https:\/\/www.oaxaca.gob.mx\/ageo\/wp-json\/wp\/v2\/posts\/4029","targetHints":{"allow":["GET"]}}],"collection":[{"href":"https:\/\/www.oaxaca.gob.mx\/ageo\/wp-json\/wp\/v2\/posts"}],"about":[{"href":"https:\/\/www.oaxaca.gob.mx\/ageo\/wp-json\/wp\/v2\/types\/post"}],"author":[{"embeddable":true,"href":"https:\/\/www.oaxaca.gob.mx\/ageo\/wp-json\/wp\/v2\/users\/69"}],"replies":[{"embeddable":true,"href":"https:\/\/www.oaxaca.gob.mx\/ageo\/wp-json\/wp\/v2\/comments?post=4029"}],"version-history":[{"count":2,"href":"https:\/\/www.oaxaca.gob.mx\/ageo\/wp-json\/wp\/v2\/posts\/4029\/revisions"}],"predecessor-version":[{"id":4035,"href":"https:\/\/www.oaxaca.gob.mx\/ageo\/wp-json\/wp\/v2\/posts\/4029\/revisions\/4035"}],"wp:featuredmedia":[{"embeddable":true,"href":"https:\/\/www.oaxaca.gob.mx\/ageo\/wp-json\/wp\/v2\/media\/4031"}],"wp:attachment":[{"href":"https:\/\/www.oaxaca.gob.mx\/ageo\/wp-json\/wp\/v2\/media?parent=4029"}],"wp:term":[{"taxonomy":"category","embeddable":true,"href":"https:\/\/www.oaxaca.gob.mx\/ageo\/wp-json\/wp\/v2\/categories?post=4029"},{"taxonomy":"post_tag","embeddable":true,"href":"https:\/\/www.oaxaca.gob.mx\/ageo\/wp-json\/wp\/v2\/tags?post=4029"}],"curies":[{"name":"wp","href":"https:\/\/api.w.org\/{rel}","templated":true}]}}